{"id":504400,"date":"2025-11-01T11:09:14","date_gmt":"2025-11-01T11:09:14","guid":{"rendered":"https:\/\/www.europesays.com\/fr\/504400\/"},"modified":"2025-11-01T11:09:14","modified_gmt":"2025-11-01T11:09:14","slug":"jai-fait-le-grand-saut","status":"publish","type":"post","link":"https:\/\/www.europesays.com\/fr\/504400\/","title":{"rendered":"J&rsquo;ai fait le grand saut"},"content":{"rendered":"<p>            Par<br \/>\n        <strong><br \/>\n            <a href=\"https:\/\/actu.fr\/auteur\/thibault-nadal-actu-fr\" title=\"Consulter tous les articles de Thibault Nadal\" target=\"_blank\" rel=\"noopener\">Thibault Nadal<\/a><br \/>\n        <\/strong><\/p>\n<p>        Publi\u00e9 le<\/p>\n<p>            1 nov. 2025 \u00e0 10h58        <\/p>\n<p>\u00ab\u2009Je me suis demand\u00e9 si j\u2019avais envie de passer les derni\u00e8res ann\u00e9es de ma vie derri\u00e8re un ordinateur\u2009\u00bb. La r\u00e9ponse \u00e9tait non. Alors Charlotte a d\u00e9cid\u00e9 de quitter son m\u00e9tier de toujours, dans la banque, et d\u2019entamer une reconversion professionnelle pour le moins \u00e9tonnante. Depuis le d\u00e9but du mois d\u2019octobre, <strong>elle vend des donuts sur son triporteur<\/strong> install\u00e9 dans le quartier de <a href=\"https:\/\/actu.fr\/tag\/pointe-rouge\" target=\"_blank\" rel=\"noopener\">La Pointe-Rouge<\/a>, dans le 8e arrondissement de <a href=\"https:\/\/actu.fr\/marseille\/\" target=\"_blank\" rel=\"noopener\">Marseille<\/a>.<\/p>\n<p>Un burn-out comme \u00ab\u2009d\u00e9clic\u2009\u00bb<\/p>\n<p class=\" wall-content\">En juin\u00a02024, Charlotte est <strong>victime d\u2019un \u00ab\u2009gros burn-out\u2009\u00bb<\/strong> \u00e0 l\u2019aube de ses 40\u00a0ans. Pour celle qui travaille dans la m\u00eame banque depuis 2006, dont les dix derni\u00e8res ann\u00e9es au service paie, c\u2019est \u00ab\u2009le d\u00e9clic\u2009\u00bb.<\/p>\n<p class=\" wall-content\">Prise d\u2019une volont\u00e9 de \u00ab\u2009changement et de nouveaut\u00e9\u2009\u00bb, elle d\u00e9cide de quitter son emploi et \u00ab\u2009de faire le grand saut\u2009\u00bb en se lan\u00e7ant dans un domaine compl\u00e8tement diff\u00e9rent\u2009: la p\u00e2tisserie. \u00ab\u2009C\u2019est <strong>quelque chose qui me suit depuis toujours<\/strong>\u2009\u00bb, avoue-t-elle.<\/p>\n<p class=\" wall-content\">https:\/\/vm.tiktok.com\/ZNd3cgL8t\/<\/p>\n<p class=\" wall-content\">Pourtant, rien ne la pr\u00e9destinait aux donuts, elle qui a commenc\u00e9 par les macarons. Cette id\u00e9e, c\u2019est <strong>celle de ses meilleurs amis<\/strong> qui ont <a href=\"https:\/\/gingerdonuts.ch\/\" target=\"_blank\" rel=\"noopener\">ouvert une boutique<\/a> d\u00e9di\u00e9e \u00e0 cette sp\u00e9cialit\u00e9 sucr\u00e9e \u00e0 Gen\u00e8ve, en Suisse. \u00ab\u2009J\u2019ai travaill\u00e9 dans leur laboratoire et \u00e7a m\u2019a donn\u00e9 envie de vendre ce produit\u2009\u00bb, explique Charlotte.<\/p>\n<p>Une recette affin\u00e9e en Suisse<\/p>\n<p class=\" wall-content\">Apr\u00e8s avoir appris d\u2019eux, la m\u00e8re de trois enfants met en application leur recette, <strong>un donut \u00ab\u2009moelleux et brioch\u00e9\u2009\u00bb<\/strong>. Les onze gla\u00e7ages de sa gamme sont pour le moment sa signature.<\/p>\n<p>    <img   decoding=\"async\" loading=\"lazy\" src=\"https:\/\/www.europesays.com\/fr\/wp-content\/uploads\/2025\/11\/whatsapp-image-2025-10-20-at-155845-960x640.jpeg\" alt=\"Charlotte propose pour le moment onze sortes de donuts.\" width=\"960\" height=\"640\"\/><br \/>\n    Charlotte propose pour le moment onze go\u00fbts diff\u00e9rents de donuts. (\u00a9TN \/ actu Marseille)<\/p>\n<p class=\" wall-content\">En raison de ses ressources financi\u00e8res insuffisantes, elle ne peut pas acheter ou louer de local. Et son pass\u00e9 encore r\u00e9cent ne l\u2019incite pas \u00e0 devenir salari\u00e9e. Charlotte r\u00eave \u00ab\u2009d\u2019autonomie et de libert\u00e9\u2009\u00bb pour d\u00e9marrer sa nouvelle aventure.<\/p>\n<p>Votre r\u00e9gion, votre actu !<\/p>\n<p>Recevez chaque jour les infos qui comptent pour vous.<\/p>\n<p>\t<a href=\"https:\/\/actu.fr\/newsletter\" class=\"ac-btn ac-btn--corner ac-btn--medium ac-btn--blue800\" target=\"_blank\" rel=\"noopener\">S&rsquo;incrire<\/a><\/p>\n<p class=\" wall-content\">Pour cela, elle choisit de travailler avec un triporteur, achet\u00e9 5000 euros. Apr\u00e8s avoir appris \u00e0 le manier, ce moyen de locomotion lui permet d\u2019exercer o\u00f9 elle a envie et d\u2019\u00eatre totalement ind\u00e9pendante. Prudente, la m\u00e8re de trois enfants ne pr\u00e9pare pour le moment que <strong>50 donuts par jour \u00e0 son domicile<\/strong> o\u00f9 elle poss\u00e8de une cuisine professionnelle. Un travail qui n\u00e9cessite cinq heures de pr\u00e9paration.<\/p>\n<p>\u00ab\u2009Je revis compl\u00e8tement\u2009\u00bb<\/p>\n<p class=\" wall-content\">Elle les vend ensuite \u2013 pour <strong>un prix compris entre 2,50 et 4,50\u00a0euros<\/strong> \u2013 les mardis et vendredis devant le lyc\u00e9e de Marseilleveyre (8e) et le samedi matin chez Emma\u00fcs (110 traverse Parangon). Apr\u00e8s les vacances scolaires de la Toussaint, elle va progressivement monter en r\u00e9gime puisque <a href=\"https:\/\/www.instagram.com\/les_donuts_de_charlotte\/\" target=\"_blank\" rel=\"noopener\">son triporteur<\/a> sera post\u00e9 devant le coll\u00e8ge-lyc\u00e9e Honor\u00e9 Daumier, toujours dans le 8e arrondissement.<\/p>\n<p>    <img   decoding=\"async\" loading=\"lazy\" src=\"https:\/\/www.europesays.com\/fr\/wp-content\/uploads\/2025\/11\/whatsapp-image-2025-10-20-at-155845-1-960x640.jpeg\" alt=\"Charloette et son triporteur.\" width=\"960\" height=\"640\"\/><br \/>\n    Le triporteur de Charlotte a co\u00fbt\u00e9 5\u2009000\u00a0euros. (\u00a9TN \/ actu Marseille)<\/p>\n<p class=\" wall-content\">Mais l\u2019essentiel est ailleurs pour l\u2019instant. Plus d\u2019un apr\u00e8s son burn-out, Charlotte affirme \u00ab\u2009revivre compl\u00e8tement\u2009\u00bb en travaillant en ext\u00e9rieur et au contact direct de la client\u00e8le. \u00ab\u2009Je r\u00e9alise enfin mon r\u00eave.\u2009\u00bb<\/p>\n<p class=\" wall-content\">Personnalisez votre actualit\u00e9 en ajoutant vos villes et m\u00e9dias en favori avec <a href=\"https:\/\/moncompte.actu.fr\" title=\"D\u00e9couvez Mon Actu\" rel=\"nofollow noopener\" data-trk=\"{&quot;cta&quot;:{&quot;action&quot;:&quot;https:\\\/\\\/moncompte.actu.fr&quot;,&quot;category&quot;:&quot;mon compte&quot;,&quot;from&quot;:&quot;article footer&quot;,&quot;name&quot;:&quot;Mon actu&quot;,&quot;type&quot;:&quot;cta&quot;}}\" target=\"_blank\">Mon Actu<\/a>.<\/p>\n<p>                    <script async src=\"\/\/www.instagram.com\/embed.js\"><\/script><script async src=\"\/\/www.tiktok.com\/embed.js\"><\/script><\/p>\n","protected":false},"excerpt":{"rendered":"Par Thibault Nadal Publi\u00e9 le 1 nov. 2025 \u00e0 10h58 \u00ab\u2009Je me suis demand\u00e9 si j\u2019avais envie de&hellip;\n","protected":false},"author":2,"featured_media":504401,"comment_status":"","ping_status":"","sticky":false,"template":"","format":"standard","meta":{"footnotes":""},"categories":[2814],"tags":[1111,11,1777,674,1011,27,1652,884,12,3147,22657,882,25,938],"class_list":{"0":"post-504400","1":"post","2":"type-post","3":"status-publish","4":"format-standard","5":"has-post-thumbnail","7":"category-marseille","8":"tag-actu","9":"tag-actualites","10":"tag-eu","11":"tag-europe","12":"tag-fr","13":"tag-france","14":"tag-loisirs-culture","15":"tag-marseille","16":"tag-news","17":"tag-nouveaux-commerces","18":"tag-pointe-rouge","19":"tag-provence-alpes-cote-dazur","20":"tag-republique-francaise","21":"tag-reseaux-sociaux"},"share_on_mastodon":{"url":"https:\/\/pubeurope.com\/@fr\/115474135604487637","error":""},"_links":{"self":[{"href":"https:\/\/www.europesays.com\/fr\/wp-json\/wp\/v2\/posts\/504400","targetHints":{"allow":["GET"]}}],"collection":[{"href":"https:\/\/www.europesays.com\/fr\/wp-json\/wp\/v2\/posts"}],"about":[{"href":"https:\/\/www.europesays.com\/fr\/wp-json\/wp\/v2\/types\/post"}],"author":[{"embeddable":true,"href":"https:\/\/www.europesays.com\/fr\/wp-json\/wp\/v2\/users\/2"}],"replies":[{"embeddable":true,"href":"https:\/\/www.europesays.com\/fr\/wp-json\/wp\/v2\/comments?post=504400"}],"version-history":[{"count":0,"href":"https:\/\/www.europesays.com\/fr\/wp-json\/wp\/v2\/posts\/504400\/revisions"}],"wp:featuredmedia":[{"embeddable":true,"href":"https:\/\/www.europesays.com\/fr\/wp-json\/wp\/v2\/media\/504401"}],"wp:attachment":[{"href":"https:\/\/www.europesays.com\/fr\/wp-json\/wp\/v2\/media?parent=504400"}],"wp:term":[{"taxonomy":"category","embeddable":true,"href":"https:\/\/www.europesays.com\/fr\/wp-json\/wp\/v2\/categories?post=504400"},{"taxonomy":"post_tag","embeddable":true,"href":"https:\/\/www.europesays.com\/fr\/wp-json\/wp\/v2\/tags?post=504400"}],"curies":[{"name":"wp","href":"https:\/\/api.w.org\/{rel}","templated":true}]}}