{"id":504405,"date":"2025-11-01T11:11:11","date_gmt":"2025-11-01T11:11:11","guid":{"rendered":"https:\/\/www.europesays.com\/fr\/504405\/"},"modified":"2025-11-01T11:11:11","modified_gmt":"2025-11-01T11:11:11","slug":"la-ville-de-lyon-restaure-le-dome-du-crematorium-de-la-guillotiere","status":"publish","type":"post","link":"https:\/\/www.europesays.com\/fr\/504405\/","title":{"rendered":"La Ville de Lyon restaure le d\u00f4me du cr\u00e9matorium de la Guilloti\u00e8re"},"content":{"rendered":"<p itemprop=\"description\"><strong>Construit en 1913 et inaugur\u00e9 en 1914, le cr\u00e9matorium de la Ville de Lyon, l\u2019un des plus anciens de France, fait l\u2019objet d\u2019une importante restauration.<\/strong><\/p>\n<p>L\u2019\u00e9difice, con\u00e7u par l\u2019architecte \u00c9tienne Curny sous l\u2019impulsion d\u2019\u00c9douard Herriot, voit son d\u00f4me d\u2019ardoises, jamais r\u00e9nov\u00e9 en plus d\u2019un si\u00e8cle, enti\u00e8rement restaur\u00e9.<\/p>\n<p>Le chantier, engag\u00e9 par la Ville de Lyon et la SPL Le Service Fun\u00e9raire, vise \u00e0 assurer la p\u00e9rennit\u00e9 de ce monument embl\u00e9matique du patrimoine fun\u00e9raire lyonnais. Apr\u00e8s un diagnostic complet r\u00e9alis\u00e9 en 2024, les travaux ont d\u00e9but\u00e9 en mars dernier et doivent s\u2019achever d\u2019ici la fin de l\u2019ann\u00e9e pour un montant total de 1,2 million d\u2019euros.<\/p>\n<p>Le programme comprend la reprise compl\u00e8te de la charpente, le remplacement de 16 000 ardoises, la restauration du lanternon, la pose d\u2019un paratonnerre, la r\u00e9fection des \u00e9vacuations pluviales et la remise en \u00e9tat des pierres de taille. Les fa\u00e7ades feront \u00e9galement l\u2019objet d\u2019un sablage complet.<\/p>\n<p>Cette op\u00e9ration s\u2019inscrit dans une politique globale de la Ville visant \u00e0 pr\u00e9server et valoriser son patrimoine fun\u00e9raire. Elle fait notamment \u00e9cho \u00e0 la cr\u00e9ation du premier carr\u00e9 fun\u00e9raire naturel de Lyon, au sein du m\u00eame cimeti\u00e8re. Ce nouvel espace v\u00e9g\u00e9talis\u00e9, propice \u00e0 la biodiversit\u00e9 et respectueux de l\u2019environnement, accueille d\u00e9sormais trois zones de recueillement et proposera 140 concessions disponibles d\u00e8s avril 2026.<\/p>\n<p>Les familles souhaitant y adh\u00e9rer devront signer une charte d\u2019engagement pr\u00e9cisant les conditions d\u2019inhumation et de concession. La Ville de Lyon envisage, \u00e0 terme, d\u2019\u00e9tendre ces carr\u00e9s naturels \u00e0 l\u2019ensemble de ses cimeti\u00e8res municipaux si cette exp\u00e9rimentation s\u2019av\u00e8re concluante.<\/p>\n","protected":false},"excerpt":{"rendered":"Construit en 1913 et inaugur\u00e9 en 1914, le cr\u00e9matorium de la Ville de Lyon, l\u2019un des plus anciens&hellip;\n","protected":false},"author":2,"featured_media":504406,"comment_status":"","ping_status":"","sticky":false,"template":"","format":"standard","meta":{"footnotes":""},"categories":[1889],"tags":[1111,11,2813,2190,2430,1109,251,1112,2811,1777,674,118,1011,27,1922,1110,1114,2428,2810,12,241,316,25,2812,517,800],"class_list":{"0":"post-504405","1":"post","2":"type-post","3":"status-publish","4":"format-standard","5":"has-post-thumbnail","7":"category-lyon","8":"tag-actu","9":"tag-actualites","10":"tag-article","11":"tag-asvel","12":"tag-auvergne-rhone-alpes","13":"tag-breves","14":"tag-culture","15":"tag-depeches","16":"tag-economique","17":"tag-eu","18":"tag-europe","19":"tag-faits-divers","20":"tag-fr","21":"tag-france","22":"tag-info","23":"tag-informations","24":"tag-infos","25":"tag-lyon","26":"tag-lyonmag","27":"tag-news","28":"tag-ol","29":"tag-politique","30":"tag-republique-francaise","31":"tag-sociale","32":"tag-sport","33":"tag-transports"},"share_on_mastodon":{"url":"https:\/\/pubeurope.com\/@fr\/115474142640360144","error":""},"_links":{"self":[{"href":"https:\/\/www.europesays.com\/fr\/wp-json\/wp\/v2\/posts\/504405","targetHints":{"allow":["GET"]}}],"collection":[{"href":"https:\/\/www.europesays.com\/fr\/wp-json\/wp\/v2\/posts"}],"about":[{"href":"https:\/\/www.europesays.com\/fr\/wp-json\/wp\/v2\/types\/post"}],"author":[{"embeddable":true,"href":"https:\/\/www.europesays.com\/fr\/wp-json\/wp\/v2\/users\/2"}],"replies":[{"embeddable":true,"href":"https:\/\/www.europesays.com\/fr\/wp-json\/wp\/v2\/comments?post=504405"}],"version-history":[{"count":0,"href":"https:\/\/www.europesays.com\/fr\/wp-json\/wp\/v2\/posts\/504405\/revisions"}],"wp:featuredmedia":[{"embeddable":true,"href":"https:\/\/www.europesays.com\/fr\/wp-json\/wp\/v2\/media\/504406"}],"wp:attachment":[{"href":"https:\/\/www.europesays.com\/fr\/wp-json\/wp\/v2\/media?parent=504405"}],"wp:term":[{"taxonomy":"category","embeddable":true,"href":"https:\/\/www.europesays.com\/fr\/wp-json\/wp\/v2\/categories?post=504405"},{"taxonomy":"post_tag","embeddable":true,"href":"https:\/\/www.europesays.com\/fr\/wp-json\/wp\/v2\/tags?post=504405"}],"curies":[{"name":"wp","href":"https:\/\/api.w.org\/{rel}","templated":true}]}}