{"id":504407,"date":"2025-11-01T11:12:16","date_gmt":"2025-11-01T11:12:16","guid":{"rendered":"https:\/\/www.europesays.com\/fr\/504407\/"},"modified":"2025-11-01T11:12:16","modified_gmt":"2025-11-01T11:12:16","slug":"un-etudiant-de-19-ans-disparait-en-marge-dune-soiree-dhalloween-a-lyon","status":"publish","type":"post","link":"https:\/\/www.europesays.com\/fr\/504407\/","title":{"rendered":"Un \u00e9tudiant de 19 ans dispara\u00eet en marge d&rsquo;une soir\u00e9e d&rsquo;Halloween \u00e0 Lyon"},"content":{"rendered":"<p>La police a ouvert une<strong> <\/strong>enqu\u00eate pour<strong> disparition inqui\u00e9tante<\/strong> jeudi 30 octobre afin de retrouver <strong>Flynn Ganneval<\/strong>, \u00e9tudiant de 19 ans \u00e0 l&rsquo;EM Lyon, a indiqu\u00e9 <a href=\"https:\/\/www.bfmtv.com\/lyon\/faits-divers\/un-etudiant-lyonnais-porte-disparu-en-marge-d-une-soiree-d-halloween-une-enquete-ouverte_AN-202511010173.html#:~:text=Divers%20Faits%20Divers-,Un%20%C3%A9tudiant%20lyonnais%20port%C3%A9%20disparu%20en%20marge%20d&#039;une,d&#039;Halloween%2C%20une%20enqu%C3%AAte%20ouverte&amp;text=Flynn%20Ganneval%2C%20%C3%A9tudiant%20de%20l&#039;EM%20Lyon%20%C3%A2g%C3%A9%20de%2019,disparition%20inqui%C3%A9tante%20a%20%C3%A9t%C3%A9%20ouverte.\" target=\"_blank\" rel=\"nofollow noopener\">BFM Lyon de sources polici\u00e8res<\/a>, confirmant les informations d&rsquo;<a href=\"https:\/\/actu.fr\/auvergne-rhone-alpes\/lyon_69123\/lyon-on-est-terrifies-un-etudiant-disparait-pendant-une-soiree-halloween-enquete-en-cours_63381524.html\" target=\"_blank\" rel=\"nofollow noopener\">Actu Lyon<\/a>.<\/p>\n<p>Selon les d\u00e9clarations de ses proches, relay\u00e9es par Actu Lyon, le jeune homme n&rsquo;a plus \u00e9t\u00e9 aper\u00e7u depuis 0h45 le 29 octobre, alors qu&rsquo;il devait rejoindre une soir\u00e9e d&rsquo;Halloween dans le quartier de La Confluence, <strong>dans le deuxi\u00e8me arrondissement de Lyon<\/strong>.<\/p>\n<p>Ce sont ses amis, d&rsquo;origine autrichienne, qui ont alert\u00e9 les autorit\u00e9s. Selon eux, Flynn Ganneval, a disparu \u00e0 proximit\u00e9 des bo\u00eetes de nuit L&rsquo;Azar et Le Sucre alors qu&rsquo;il \u00e9tait en \u00e9tat d&rsquo;\u00e9bri\u00e9t\u00e9. Il aurait quitt\u00e9 son groupe alors qu&rsquo;ils faisaient la queue pour entrer dans l&rsquo;un des \u00e9tablissements. \u00ab\u00a0Il a voulu aller uriner plus loin. J&rsquo;ai insist\u00e9 pour l&rsquo;accompagner car il \u00e9tait ivre mais il n&rsquo;a pas voulu\u00a0\u00bb, a confi\u00e9 une amie.<\/p>\n<p>Sur X, un utilisateur, sous le nom d&rsquo;Omar Bchaiker a partag\u00e9 une photo. \u00ab\u00a0Bonjour \u00e0 tous, notre ami Flynn Ganneval, \u00e9tudiant de premi\u00e8re ann\u00e9e \u00e0 Emlyon, n&rsquo;a pas \u00e9t\u00e9 vu depuis plus de 24 heures\u00a0\u00bb, \u00e9crit-il.\u00a0<\/p>\n<p>Des plongeurs ont \u00e9t\u00e9 mobilis\u00e9s dans la Sa\u00f4ne ce vendredi 31 octobre pour tenter de retrouver l&rsquo;\u00e9tudiant. Les autorit\u00e9s invitent toute personne ayant des informations \u00e0 contacter la police.<\/p>\n","protected":false},"excerpt":{"rendered":"La police a ouvert une enqu\u00eate pour disparition inqui\u00e9tante jeudi 30 octobre afin de retrouver Flynn Ganneval, \u00e9tudiant&hellip;\n","protected":false},"author":2,"featured_media":504408,"comment_status":"","ping_status":"","sticky":false,"template":"","format":"standard","meta":{"footnotes":""},"categories":[1889],"tags":[17,1111,11,1764,2430,62275,15700,4440,4081,1777,674,274,1011,27,2428,16090,12,25,953],"class_list":{"0":"post-504407","1":"post","2":"type-post","3":"status-publish","4":"format-standard","5":"has-post-thumbnail","7":"category-lyon","8":"tag-17","9":"tag-actu","10":"tag-actualites","11":"tag-ans","12":"tag-auvergne-rhone-alpes","13":"tag-dhalloween","14":"tag-disparait","15":"tag-dune","16":"tag-etudiant","17":"tag-eu","18":"tag-europe","19":"tag-faits-divers-justice","20":"tag-fr","21":"tag-france","22":"tag-lyon","23":"tag-marge","24":"tag-news","25":"tag-republique-francaise","26":"tag-soiree"},"share_on_mastodon":{"url":"https:\/\/pubeurope.com\/@fr\/115474146431515119","error":""},"_links":{"self":[{"href":"https:\/\/www.europesays.com\/fr\/wp-json\/wp\/v2\/posts\/504407","targetHints":{"allow":["GET"]}}],"collection":[{"href":"https:\/\/www.europesays.com\/fr\/wp-json\/wp\/v2\/posts"}],"about":[{"href":"https:\/\/www.europesays.com\/fr\/wp-json\/wp\/v2\/types\/post"}],"author":[{"embeddable":true,"href":"https:\/\/www.europesays.com\/fr\/wp-json\/wp\/v2\/users\/2"}],"replies":[{"embeddable":true,"href":"https:\/\/www.europesays.com\/fr\/wp-json\/wp\/v2\/comments?post=504407"}],"version-history":[{"count":0,"href":"https:\/\/www.europesays.com\/fr\/wp-json\/wp\/v2\/posts\/504407\/revisions"}],"wp:featuredmedia":[{"embeddable":true,"href":"https:\/\/www.europesays.com\/fr\/wp-json\/wp\/v2\/media\/504408"}],"wp:attachment":[{"href":"https:\/\/www.europesays.com\/fr\/wp-json\/wp\/v2\/media?parent=504407"}],"wp:term":[{"taxonomy":"category","embeddable":true,"href":"https:\/\/www.europesays.com\/fr\/wp-json\/wp\/v2\/categories?post=504407"},{"taxonomy":"post_tag","embeddable":true,"href":"https:\/\/www.europesays.com\/fr\/wp-json\/wp\/v2\/tags?post=504407"}],"curies":[{"name":"wp","href":"https:\/\/api.w.org\/{rel}","templated":true}]}}