{"id":504417,"date":"2025-11-01T11:18:16","date_gmt":"2025-11-01T11:18:16","guid":{"rendered":"https:\/\/www.europesays.com\/fr\/504417\/"},"modified":"2025-11-01T11:18:16","modified_gmt":"2025-11-01T11:18:16","slug":"paris-a-un-potentiel-comique-infini-maxime-rocheman-le-titi-comedien-qui-caricature-les-parisiens","status":"publish","type":"post","link":"https:\/\/www.europesays.com\/fr\/504417\/","title":{"rendered":"\u00ab\u00a0Paris a un potentiel comique infini\u00a0\u00bb\u00a0: Maxime Rocheman, le \u00ab\u00a0titi\u00a0\u00bb com\u00e9dien qui caricature les Parisiens"},"content":{"rendered":"<p class=\"paragraph text_align_left lp-f-body-02\">Il est tour \u00e0 tour Monster 17, insupportable coureur \u00e0 pied sur le trac\u00e9 du marathon de <a href=\"https:\/\/www.leparisien.fr\/paris-75\/\" target=\"_self\" rel=\"nofollow noopener\">Paris<\/a>, mais aussi Bernard, habitant aigri du XVIe arrondissement, ou encore Beno\u00eet, Parisien ultra-snob r\u00e9cemment install\u00e9 \u00e0 la campagne. Autant de profils un peu clich\u00e9s d\u2019habitants de la capitale que le com\u00e9dien <a href=\"https:\/\/www.instagram.com\/rocheman_\/\" target=\"_self\" rel=\"nofollow noopener\">Maxime Rocheman<\/a>, 30 ans, tourne en d\u00e9rision dans ses dizaines de vid\u00e9os post\u00e9es depuis deux ans sur Instagram. Le jeune humoriste y est aujourd\u2019hui suivi par plus de 175 000 personnes.<\/p>\n<p class=\"paragraph text_align_left lp-f-body-02\">\u00ab Nous autres, Parisiens, on peut avoir un c\u00f4t\u00e9 insupportable, j\u2019aime bien en rire et jouer sur les st\u00e9r\u00e9otypes \u00bb, pose celui qui a toujours v\u00e9cu dans la capitale, entre <a href=\"https:\/\/www.leparisien.fr\/paris-75\/il-ny-a-plus-de-lien-plus-dhumanite-a-paris-le-marais-symbole-de-luberisation-de-la-ville-07-06-2025-YEQQBUNOUZFEZHAPDAGZVJSN4Q.php\" target=\"_self\" rel=\"nofollow noopener\">le Marais<\/a> et le XIe arrondissement. Qui d\u2019autre qu\u2019un \u00ab titi \u00bb pour \u00ab singer \u00bb au mieux ses voisins ?<\/p>\n<p><script async src=\"\/\/www.instagram.com\/embed.js\"><\/script><\/p>\n","protected":false},"excerpt":{"rendered":"Il est tour \u00e0 tour Monster 17, insupportable coureur \u00e0 pied sur le trac\u00e9 du marathon de Paris,&hellip;\n","protected":false},"author":2,"featured_media":504418,"comment_status":"","ping_status":"","sticky":false,"template":"","format":"standard","meta":{"footnotes":""},"categories":[1888],"tags":[11,872,1777,674,1011,27,1944,12,626,25],"class_list":{"0":"post-504417","1":"post","2":"type-post","3":"status-publish","4":"format-standard","5":"has-post-thumbnail","7":"category-paris","8":"tag-actualites","9":"tag-culture-et-loisirs","10":"tag-eu","11":"tag-europe","12":"tag-fr","13":"tag-france","14":"tag-ma-ville","15":"tag-news","16":"tag-paris","17":"tag-republique-francaise"},"share_on_mastodon":{"url":"https:\/\/pubeurope.com\/@fr\/115474170210893575","error":""},"_links":{"self":[{"href":"https:\/\/www.europesays.com\/fr\/wp-json\/wp\/v2\/posts\/504417","targetHints":{"allow":["GET"]}}],"collection":[{"href":"https:\/\/www.europesays.com\/fr\/wp-json\/wp\/v2\/posts"}],"about":[{"href":"https:\/\/www.europesays.com\/fr\/wp-json\/wp\/v2\/types\/post"}],"author":[{"embeddable":true,"href":"https:\/\/www.europesays.com\/fr\/wp-json\/wp\/v2\/users\/2"}],"replies":[{"embeddable":true,"href":"https:\/\/www.europesays.com\/fr\/wp-json\/wp\/v2\/comments?post=504417"}],"version-history":[{"count":0,"href":"https:\/\/www.europesays.com\/fr\/wp-json\/wp\/v2\/posts\/504417\/revisions"}],"wp:featuredmedia":[{"embeddable":true,"href":"https:\/\/www.europesays.com\/fr\/wp-json\/wp\/v2\/media\/504418"}],"wp:attachment":[{"href":"https:\/\/www.europesays.com\/fr\/wp-json\/wp\/v2\/media?parent=504417"}],"wp:term":[{"taxonomy":"category","embeddable":true,"href":"https:\/\/www.europesays.com\/fr\/wp-json\/wp\/v2\/categories?post=504417"},{"taxonomy":"post_tag","embeddable":true,"href":"https:\/\/www.europesays.com\/fr\/wp-json\/wp\/v2\/tags?post=504417"}],"curies":[{"name":"wp","href":"https:\/\/api.w.org\/{rel}","templated":true}]}}