{"id":50442,"date":"2025-04-25T00:13:13","date_gmt":"2025-04-25T00:13:13","guid":{"rendered":"https:\/\/www.europesays.com\/fr\/50442\/"},"modified":"2025-04-25T00:13:13","modified_gmt":"2025-04-25T00:13:13","slug":"action-inclusive-renforce-les-liens-entre-jeunes-de-la-region-et-de-la-hesse-en-allemagne","status":"publish","type":"post","link":"https:\/\/www.europesays.com\/fr\/50442\/","title":{"rendered":"Action inclusive renforce les liens entre jeunes de la r\u00e9gion et de la Hesse en Allemagne"},"content":{"rendered":"<p>L\u2019association niortaise Action inclusive repr\u00e9sentait r\u00e9cemment Niort et la r\u00e9gion Nouvelle-Aquitaine \u00e0 Marburg, en Allemagne, lors de la r\u00e9union du r\u00e9seau DiPa (Diversit\u00e9 et participation).<strong>\u00a0<\/strong>Avec le soutien de l\u2019Ofaj (Office franco-allemand pour la jeunesse), le r\u00e9seau r\u00e9gional DiPa Nouvelle-Aquitaine-Hesse travaille \u00e0 renforcer les liens entre jeunes de la Nouvelle-Aquitaine et de la Hesse, r\u00e9gion du centre-ouest de l\u2019Allemagne. Objectif\u00a0: rendre des programmes d\u2019\u00e9change plus accessibles, permettre la mobilit\u00e9 pour tous les jeunes et favoriser l\u2019\u00e9change de bonnes pratiques entre professionnels.<\/p>\n<p>Cette rencontre annuelle a r\u00e9uni pas moins de vingt associations de chacune des r\u00e9gions, et se tiendra peut-\u00eatre \u00e0 Niort en mars\u00a02026. Alp Ko\u00e7ak, charg\u00e9 de projet pour Action inclusive, a fait la promotion des diff\u00e9rents projets que l\u2019association a concr\u00e9tis\u00e9s depuis plusieurs ann\u00e9es dans la r\u00e9gion Nouvelle-Aquitaine, et plus sp\u00e9cifiquement dans le bassin niortais. L\u2019association a mis sur pied pas moins de douze semaines de s\u00e9jours interculturels sur l\u2019ann\u00e9e 2024, dont la moiti\u00e9 \u00e0 Niort, Sansais, Les Ch\u00e2teliers, La Gr\u00e8ve-sur-le-Mignon, La\u00a0Rochelle ou encore Bordeaux.<\/p>\n<p>Plus d\u2019informations sur les activit\u00e9s d\u2019Action inclusive sur Instagram ou LinkedIn (Logo Action inclusive) ou par mail\u00a0: actioninclusive79@gmail.com<\/p>\n","protected":false},"excerpt":{"rendered":"L\u2019association niortaise Action inclusive repr\u00e9sentait r\u00e9cemment Niort et la r\u00e9gion Nouvelle-Aquitaine \u00e0 Marburg, en Allemagne, lors de la&hellip;\n","protected":false},"author":2,"featured_media":50443,"comment_status":"","ping_status":"","sticky":false,"template":"","format":"standard","meta":{"footnotes":""},"categories":[1587],"tags":[1392,11,672,1804,1805,1803,1057,1777,674,1801,12,6752,1802,3400],"class_list":{"0":"post-50442","1":"post","2":"type-post","3":"status-publish","4":"format-standard","5":"has-post-thumbnail","7":"category-allemagne","8":"tag-a-la-une-local","9":"tag-actualites","10":"tag-allemagne","11":"tag-bundesrepublik-deutschland","12":"tag-de","13":"tag-deutschland","14":"tag-education","15":"tag-eu","16":"tag-europe","17":"tag-germany","18":"tag-news","19":"tag-niort","20":"tag-republique-federale-dallemagne","21":"tag-solidarite"},"share_on_mastodon":{"url":"https:\/\/pubeurope.com\/@fr\/114395716216095939","error":""},"_links":{"self":[{"href":"https:\/\/www.europesays.com\/fr\/wp-json\/wp\/v2\/posts\/50442","targetHints":{"allow":["GET"]}}],"collection":[{"href":"https:\/\/www.europesays.com\/fr\/wp-json\/wp\/v2\/posts"}],"about":[{"href":"https:\/\/www.europesays.com\/fr\/wp-json\/wp\/v2\/types\/post"}],"author":[{"embeddable":true,"href":"https:\/\/www.europesays.com\/fr\/wp-json\/wp\/v2\/users\/2"}],"replies":[{"embeddable":true,"href":"https:\/\/www.europesays.com\/fr\/wp-json\/wp\/v2\/comments?post=50442"}],"version-history":[{"count":0,"href":"https:\/\/www.europesays.com\/fr\/wp-json\/wp\/v2\/posts\/50442\/revisions"}],"wp:featuredmedia":[{"embeddable":true,"href":"https:\/\/www.europesays.com\/fr\/wp-json\/wp\/v2\/media\/50443"}],"wp:attachment":[{"href":"https:\/\/www.europesays.com\/fr\/wp-json\/wp\/v2\/media?parent=50442"}],"wp:term":[{"taxonomy":"category","embeddable":true,"href":"https:\/\/www.europesays.com\/fr\/wp-json\/wp\/v2\/categories?post=50442"},{"taxonomy":"post_tag","embeddable":true,"href":"https:\/\/www.europesays.com\/fr\/wp-json\/wp\/v2\/tags?post=50442"}],"curies":[{"name":"wp","href":"https:\/\/api.w.org\/{rel}","templated":true}]}}