{"id":504425,"date":"2025-11-01T11:22:18","date_gmt":"2025-11-01T11:22:18","guid":{"rendered":"https:\/\/www.europesays.com\/fr\/504425\/"},"modified":"2025-11-01T11:22:18","modified_gmt":"2025-11-01T11:22:18","slug":"le-partenaire-chinois-de-renault-veut-sattaquer-au-royaume-uni-et-a-renault","status":"publish","type":"post","link":"https:\/\/www.europesays.com\/fr\/504425\/","title":{"rendered":"Le partenaire chinois de Renault veut s&rsquo;attaquer au Royaume-Uni&#8230; et \u00e0 Renault ?"},"content":{"rendered":"<p>Le partenaire \u00ab\u00a0thermique et hybride\u00a0\u00bb de Renault au niveau mondial a d\u00e9cid\u00e9 qu&rsquo;il pourrait d\u00e9sormais se lancer dans l&rsquo;aventure en r\u00e9gion Europe sous son propre nom. Geely n&rsquo;exclut pas, en effet, de se lancer au Royaume-Uni et \u00e9voque m\u00eame un objectif \u00e0 pr\u00e8s de 100 000 voitures par an. Un sacr\u00e9 d\u00e9fi compte tenu de l&rsquo;attentisme actuel en Europe, et de la rude concurrence qui s&rsquo;est install\u00e9e chez les \u00e9lectriques.<\/p>\n<p>Chaque ann\u00e9e, de nouvelles marques chinoises d\u00e9barquent en Europe comme si elles essayaient de fuir un march\u00e9 domestique devenu insoutenable et beaucoup trop satur\u00e9. Encore cette ann\u00e9e, il a fallu s\u2019habituer \u00e0 de nouveaux noms : Denza (branche de BYD) ou encore Jaecoo et Omoda, du groupe Chery. Mais celle qui pr\u00e9voit d\u00e9sormais de se lancer est probablement bien plus importante. Et surtout, elle pourrait entrer directement en concurrence avec un de ses partenaires au niveau mondial, qui n\u2019est autre que Renault.<\/p>\n<p>On n\u2019arr\u00eate plus Geely<\/p>\n<p>Le g\u00e9ant chinois a multipli\u00e9 les alliances et les partenariats temporaires ces derni\u00e8res ann\u00e9es avec des constructeurs occidentaux. <strong>Volvo, Mercedes Group et <a title=\"plus r\u00e9cemment Renault\" href=\"https:\/\/www.automobile-magazine.fr\/economie-politique\/article\/46846-renault-renforce-encore-son-alliance-avec-le-geant-chinois-geely\" target=\"_blank\" rel=\"noopener\">plus r\u00e9cemment Renault<\/a> (<a href=\"https:\/\/www.automobile-magazine.fr\/voitures-hybrides\/article\/47759-avec-horse-renault-veut-mettre-des-moteurs-essence-dans-des-voitures-electriques\" target=\"_blank\" rel=\"noopener\">dans la co-entreprise Horse<\/a>)<\/strong>, Geely a ses entr\u00e9es gr\u00e2ce \u00e0 des \u00e9changes de bons proc\u00e9d\u00e9s qui profitent, sur le papier, \u00e0 tout le monde : Geely offre sa force de frappe en mati\u00e8re de v\u00e9hicules \u00e9lectriques, notamment en Chine, quand les partenaires troquent certaines comp\u00e9tences et de la place sur l\u2019\u00e9chiquier automobile mondial.<\/p>\n<p>Justement, Geely n\u2019exclut plus de se lancer au Royaume-Uni o\u00f9 les constructeurs chinois \u00e9chappent aux <a title=\"fameux droits de douane\" href=\"https:\/\/www.automobile-magazine.fr\/economie-politique\/article\/43740-comment-byd-va-tranquillement-contourner-les-droits-de-douanes-sur-les-voitures-faites-en-chine\" target=\"_blank\" rel=\"noopener\">fameux droits de douane<\/a> sur\u00e9lev\u00e9s, mis en place par l\u2019Europe \u00e0 la suite des enqu\u00eates sur les subventions chinoises. Une porte d\u2019entr\u00e9e vers le Vieux Continent que l\u2019Europe souhaite d\u2019ailleurs scruter de pr\u00e8s pour \u00e9viter que les Chinois ne se servent de la Grande-Bretagne pour ensuite exp\u00e9dier \u00e0 moindre co\u00fbt vers l\u2019Europe.<\/p>\n<p><strong>\u00ab\u00a0Actuellement, le march\u00e9 britannique est plus ouvert et plus accueillant envers les marques chinoises\u00a0\u00bb<\/strong>, confirme d\u2019ailleurs Michael Yang \u00e0 nos confr\u00e8res du Financial Times, qui r\u00e9v\u00e8lent une partie des plans de Geely.<\/p>\n<p>Geely face \u00e0 Renault ?<img decoding=\"async\" loading=\"lazy\" alt=\"Le Geely EX5 que la marque compte lancer au Royaume-Uni\" src=\"https:\/\/www.europesays.com\/fr\/wp-content\/uploads\/2025\/11\/le-geely-ex5-que-la-marque-compte-lancer-au-royaume-uni.jpg\" width=\"800\" height=\"449\"\/>Le Geely EX5 que la marque compte lancer au Royaume-Uni\u00a9 Geely<\/p>\n<p>Le fait est que Geely vise carr\u00e9ment 5 % de parts de march\u00e9 au Royaume-Unis en lan\u00e7ant 10 mod\u00e8les \u00e9lectriques ou hybrides et en \u00e9coulant 100 000 voitures par an<strong>. La marque asiatique n&rsquo;exclut pas non plus de produire directement sur place. Geely se verrait bien rivaliser avec Tesla et BYD. Premier mod\u00e8le \u00e0 voir le jour outre-Manche : un SUV de 4,61 m\u00e8tres de long, l\u2019EX5<\/strong>, qui ressemble tout de m\u00eame fortement \u00e0 bon nombre d\u2019autres productions chinoises. Il faudra donc que Geely se d\u00e9marque autrement, et notamment par les prix. Rappelons quand m\u00eame que Geely avait d\u00e9j\u00e0 annonc\u00e9 l&rsquo;EX5 l&rsquo;an dernier pour l&rsquo;Europe. Les plans ont peut-\u00eatre chang\u00e9 depuis.<\/p>\n<p>Des ambitions en tout cas assez folles sur le papier dans un temps si court, mais ce n\u2019est pas nouveau venant d\u2019une marque chinoise. Lesquelles ont souvent tendance \u00e0 surestimer un peu le potentiel de croissance du march\u00e9 europ\u00e9en.<\/p>\n<p>Il s\u2019av\u00e8re aussi qu\u2019une telle vague de nouveaut\u00e9s \u00e9lectriques d\u2019un grand groupe ne sera pas pour arranger les affaires de Renault ou encore de Volvo, deux partenaires de Geely, qui vendent d\u00e9j\u00e0 des voitures \u00e9lectriques sur place. L\u2019Angleterre serait en tout cas une terre assez naturelle d\u2019accueil pour Geely qui est d\u00e9j\u00e0 plac\u00e9 \u00e0 l\u2019actionnariat de Lotus et Aston Martin.<\/p>\n<p> <img decoding=\"async\" src=\"https:\/\/www.europesays.com\/fr\/wp-content\/uploads\/2025\/06\/audric-doche.webp.webp\" alt=\"Audric Doche\" width=\"120\" height=\"120\" class=\"visu-auteur\" loading=\"lazy\"\/><\/p>\n<p class=\"short-txt\"> Journaliste automobile (et un peu bicyclette aussi). Autant passionn\u00e9 par la nouveaut\u00e9 que l\u2019industrie ou l\u2019environnement, mais aussi tout ce qui fera avancer la mobilit\u00e9.<\/p>\n<p> Notez cet article<\/p>\n<p> 2.8\/5 ( 2 votes)<\/p>\n<p>  Publi\u00e9 le  01\/11\/2025 \u00e0 12:00  <\/p>\n","protected":false},"excerpt":{"rendered":"Le partenaire \u00ab\u00a0thermique et hybride\u00a0\u00bb de Renault au niveau mondial a d\u00e9cid\u00e9 qu&rsquo;il pourrait d\u00e9sormais se lancer dans&hellip;\n","protected":false},"author":2,"featured_media":504426,"comment_status":"","ping_status":"","sticky":false,"template":"","format":"standard","meta":{"footnotes":""},"categories":[1588],"tags":[11,621,1777,674,12,473,1853,1851,1850,1852],"class_list":{"0":"post-504425","1":"post","2":"type-post","3":"status-publish","4":"format-standard","5":"has-post-thumbnail","7":"category-royaume-uni","8":"tag-actualites","9":"tag-economie-politique","10":"tag-eu","11":"tag-europe","12":"tag-news","13":"tag-royaume-uni","14":"tag-royaume-uni-de-grande-bretagne-et-dirlande-du-nord","15":"tag-uk","16":"tag-united-kingdom","17":"tag-united-kingdom-of-great-britain-and-northern-ireland"},"share_on_mastodon":{"url":"https:\/\/pubeurope.com\/@fr\/115474186918352323","error":""},"_links":{"self":[{"href":"https:\/\/www.europesays.com\/fr\/wp-json\/wp\/v2\/posts\/504425","targetHints":{"allow":["GET"]}}],"collection":[{"href":"https:\/\/www.europesays.com\/fr\/wp-json\/wp\/v2\/posts"}],"about":[{"href":"https:\/\/www.europesays.com\/fr\/wp-json\/wp\/v2\/types\/post"}],"author":[{"embeddable":true,"href":"https:\/\/www.europesays.com\/fr\/wp-json\/wp\/v2\/users\/2"}],"replies":[{"embeddable":true,"href":"https:\/\/www.europesays.com\/fr\/wp-json\/wp\/v2\/comments?post=504425"}],"version-history":[{"count":0,"href":"https:\/\/www.europesays.com\/fr\/wp-json\/wp\/v2\/posts\/504425\/revisions"}],"wp:featuredmedia":[{"embeddable":true,"href":"https:\/\/www.europesays.com\/fr\/wp-json\/wp\/v2\/media\/504426"}],"wp:attachment":[{"href":"https:\/\/www.europesays.com\/fr\/wp-json\/wp\/v2\/media?parent=504425"}],"wp:term":[{"taxonomy":"category","embeddable":true,"href":"https:\/\/www.europesays.com\/fr\/wp-json\/wp\/v2\/categories?post=504425"},{"taxonomy":"post_tag","embeddable":true,"href":"https:\/\/www.europesays.com\/fr\/wp-json\/wp\/v2\/tags?post=504425"}],"curies":[{"name":"wp","href":"https:\/\/api.w.org\/{rel}","templated":true}]}}