{"id":504427,"date":"2025-11-01T11:24:37","date_gmt":"2025-11-01T11:24:37","guid":{"rendered":"https:\/\/www.europesays.com\/fr\/504427\/"},"modified":"2025-11-01T11:24:37","modified_gmt":"2025-11-01T11:24:37","slug":"quelle-est-lodeur-de-la-guerre-du-feminisme-et-de-lamour-cette-exposition-allemande-flaire-la-reponse","status":"publish","type":"post","link":"https:\/\/www.europesays.com\/fr\/504427\/","title":{"rendered":"Quelle est l&rsquo;odeur de la guerre, du f\u00e9minisme et de l&rsquo;amour ? Cette exposition allemande \u00ab\u00a0flaire\u00a0\u00bb la r\u00e9ponse"},"content":{"rendered":"<p>\n  Par&amp;nbsp<b>Jakub Dutkiewicz<\/b>&amp;nbspavec&amp;nbsp<b>AP<\/b>\n<\/p>\n<p>\n         Publi\u00e9 le<br \/>\n            01\/11\/2025 &#8211; 10:31 UTC+1\n            <\/p>\n<p>Les peintures sont suspendues sans vie dans les longs couloirs des mus\u00e9es que nous avons visit\u00e9s lors de nos excursions scolaires.<\/p>\n<p>Les sculptures en marbre restent \u00e0 jamais fig\u00e9es dans l&rsquo;action.<\/p>\n<p>La mani\u00e8re dont nous interagissons avec l&rsquo;art et dont nous en faisons l&rsquo;exp\u00e9rience semble se concentrer de mani\u00e8re disproportionn\u00e9e sur les sens auxquels nous faisons le plus confiance pour appr\u00e9hender la r\u00e9alit\u00e9, \u00e0 savoir la vue et l&rsquo;ou\u00efe.<\/p>\n<p>Mais au-del\u00e0 du monde de la vue et de l&rsquo;ou\u00efe, il existe un potentiel inexploit\u00e9 pour d\u00e9couvrir l&rsquo;art d&rsquo;une nouvelle mani\u00e8re, par l&rsquo;interm\u00e9diaire de nos autres sens.<\/p>\n<p>Le mus\u00e9e Kunstpalast de D\u00fcsseldorf cherche \u00e0 exploiter l&rsquo;un d&rsquo;entre eux : l&rsquo;odorat.<\/p>\n<p>L&rsquo;exposition, intitul\u00e9e <a href=\"https:\/\/www.kunstpalast.de\/en\/event\/die-geheime-macht-der-dufte\/\" target=\"_blank\" rel=\"noreferrer nofollow noopener\">\u00ab\u00a0Le pouvoir secret des senteurs\u00a0\u00bb<\/a>, emm\u00e8ne les visiteurs dans un voyage \u00e0 travers un mill\u00e9naire d&rsquo;odeurs &#8211; un voyage de mille ans \u00e0 travers l&rsquo;histoire culturelle et les parfums qui l&rsquo;ont accompagn\u00e9e.<\/p>\n<p>\u00ab\u00a0J&rsquo;ai examin\u00e9 les \u00e9poques, les si\u00e8cles, mais aussi les objets individuels et les pi\u00e8ces expos\u00e9es, et j&rsquo;ai cherch\u00e9 \u00e0 savoir quel r\u00f4le les parfums ont jou\u00e9 \u00e0 chaque \u00e9poque, ce qui a pu \u00eatre d\u00e9velopp\u00e9 r\u00e9cemment, ce qui a \u00e9t\u00e9 invent\u00e9, ce qui a jou\u00e9 un r\u00f4le soci\u00e9tal\u00a0\u00bb, explique Robert M\u00fcller-Gr\u00fcnow, commissaire de l&rsquo;exposition et expert en mati\u00e8re de parfums et de technologies olfactives.<\/p>\n<p>L&rsquo;odeur a un c\u00f4t\u00e9 direct qui peut rendre l&rsquo;exp\u00e9rience de l&rsquo;art plus vivante et plus engageante.<\/p>\n<p>\u00ab\u00a0Les odeurs sont purement \u00e9motionnelles, le seul stimulus sensoriel qui ne peut \u00eatre filtr\u00e9 rationnellement\u00a0\u00bb, explique M\u00fcller-Gr\u00fcnow. \u00ab\u00a0Elles touchent directement le syst\u00e8me limbique. Elles sont toujours imm\u00e9diates, de sorte qu&rsquo;elles suscitent des \u00e9motions\u00a0\u00bb.<\/p>\n<p>Guerre, religion, amour et f\u00e9minisme<\/p>\n<p>Des odeurs d&rsquo;encens et de myrrhe flottent dans l&rsquo;air d&rsquo;une pi\u00e8ce orn\u00e9e de sculptures religieuses, composant une sc\u00e8ne qui nous transporte directement dans d&rsquo;anciennes chapelles et d&rsquo;anciens sacrements.<\/p>\n<p>Ceux qui sont attir\u00e9s par la simplicit\u00e9 de la vie quotidienne de nos anc\u00eatres peuvent se rem\u00e9morer l&rsquo;exp\u00e9rience paysanne au milieu d&rsquo;une recr\u00e9ation des odeurs auxquelles on pouvait s&rsquo;attendre dans une rue du Paris m\u00e9di\u00e9val &#8211; eaux us\u00e9es, moisissures et corps non lav\u00e9s.<\/p>\n<p>Les visiteurs peuvent avoir un mouvement de recul ou de peur lorsque leurs narines sont assaillies par les odeurs d&rsquo;un front de la Premi\u00e8re Guerre mondiale &#8211; un m\u00e9lange de sang, de poudre \u00e0 canon et de soufre.<\/p>\n<p>Les visiteurs les plus sensuels, curieux de conna\u00eetre la puissance des aphrodisiaques du haut Moyen \u00c2ge, trouveront \u00e9galement leur compte. Pour le savoir, rien de mieux que de sentir les parfums des roses et des glandes anales d&rsquo;une civette.<\/p>\n<p>Mais il y a aussi des odeurs qui rassurent, qui r\u00e9confortent, qui nous ram\u00e8nent en arri\u00e8re ou qui racontent une histoire importante. Des odeurs d&rsquo;infini, de parfums importants, des odeurs qui c\u00e9l\u00e8brent les d\u00e9buts du f\u00e9minisme.<\/p>\n<p>Robert M\u00fcller-Gr\u00fcnow, commissaire de l&rsquo;exposition, souhaite que celle-ci mette en lumi\u00e8re l&rsquo;importance des odeurs dans la religion, la politique, l&rsquo;art, la consommation et la science, le tout se combinant en une exp\u00e9rience artistique holistique.<\/p>\n<p>L&rsquo;exposition a maintenant ouvert ses portes aux visiteurs et pr\u00e9sente plus de 81 parfums distincts dans 37 galeries.<\/p>\n<p>N&rsquo;h\u00e9sitez pas \u00e0 y jeter un coup d&rsquo;\u0153il si vous le pouvez.<\/p>\n<p><strong>L&rsquo;exposition Le pouvoir secret des senteurs, apr\u00e8s son ouverture le 29 octobre_,_ se tiendra au mus\u00e9e Kunstpalast de D\u00fcsseldorf jusqu&rsquo;au 8 mars 2026.<\/strong><\/p>\n<p>Video editor<strong> \u2022 Theo Farrant<\/strong><\/p>\n","protected":false},"excerpt":{"rendered":"Par&amp;nbspJakub Dutkiewicz&amp;nbspavec&amp;nbspAP Publi\u00e9 le 01\/11\/2025 &#8211; 10:31 UTC+1 Les peintures sont suspendues sans vie dans les longs couloirs&hellip;\n","protected":false},"author":2,"featured_media":504428,"comment_status":"","ping_status":"","sticky":false,"template":"","format":"standard","meta":{"footnotes":""},"categories":[1587],"tags":[11,672,1396,1804,1805,1803,1777,674,3293,1801,12,1802,133],"class_list":{"0":"post-504427","1":"post","2":"type-post","3":"status-publish","4":"format-standard","5":"has-post-thumbnail","7":"category-allemagne","8":"tag-actualites","9":"tag-allemagne","10":"tag-art-contemporain","11":"tag-bundesrepublik-deutschland","12":"tag-de","13":"tag-deutschland","14":"tag-eu","15":"tag-europe","16":"tag-exposition","17":"tag-germany","18":"tag-news","19":"tag-republique-federale-dallemagne","20":"tag-video"},"share_on_mastodon":{"url":"https:\/\/pubeurope.com\/@fr\/115474193763753463","error":""},"_links":{"self":[{"href":"https:\/\/www.europesays.com\/fr\/wp-json\/wp\/v2\/posts\/504427","targetHints":{"allow":["GET"]}}],"collection":[{"href":"https:\/\/www.europesays.com\/fr\/wp-json\/wp\/v2\/posts"}],"about":[{"href":"https:\/\/www.europesays.com\/fr\/wp-json\/wp\/v2\/types\/post"}],"author":[{"embeddable":true,"href":"https:\/\/www.europesays.com\/fr\/wp-json\/wp\/v2\/users\/2"}],"replies":[{"embeddable":true,"href":"https:\/\/www.europesays.com\/fr\/wp-json\/wp\/v2\/comments?post=504427"}],"version-history":[{"count":0,"href":"https:\/\/www.europesays.com\/fr\/wp-json\/wp\/v2\/posts\/504427\/revisions"}],"wp:featuredmedia":[{"embeddable":true,"href":"https:\/\/www.europesays.com\/fr\/wp-json\/wp\/v2\/media\/504428"}],"wp:attachment":[{"href":"https:\/\/www.europesays.com\/fr\/wp-json\/wp\/v2\/media?parent=504427"}],"wp:term":[{"taxonomy":"category","embeddable":true,"href":"https:\/\/www.europesays.com\/fr\/wp-json\/wp\/v2\/categories?post=504427"},{"taxonomy":"post_tag","embeddable":true,"href":"https:\/\/www.europesays.com\/fr\/wp-json\/wp\/v2\/tags?post=504427"}],"curies":[{"name":"wp","href":"https:\/\/api.w.org\/{rel}","templated":true}]}}