{"id":504433,"date":"2025-11-01T11:27:15","date_gmt":"2025-11-01T11:27:15","guid":{"rendered":"https:\/\/www.europesays.com\/fr\/504433\/"},"modified":"2025-11-01T11:27:15","modified_gmt":"2025-11-01T11:27:15","slug":"gabriel-zucman-daiguillon-de-la-gauche-a-mauvaise-conscience-du-ps-liberation","status":"publish","type":"post","link":"https:\/\/www.europesays.com\/fr\/504433\/","title":{"rendered":"Gabriel Zucman, d\u2019aiguillon de la gauche \u00e0 mauvaise conscience du PS \u2013 Lib\u00e9ration"},"content":{"rendered":"<p class=\"sc-cPiKLX AiZTS text-element\">Depuis quelque temps maintenant, il ne faisait plus grand doute que la taxe Zucman, visant \u00e0 imposer un taux minimal d\u2019imposition de 2 % sur les revenus des m\u00e9nages d\u00e9tenant au moins 100 millions d\u2019euros de patrimoine, ne trouverait pas de majorit\u00e9 \u00e0 l\u2019Assembl\u00e9e nationale. Ce vendredi, elle est effectivement pass\u00e9e \u00e0 l\u2019as \u2013 <a href=\"https:\/\/www.liberation.fr\/economie\/budget-2026-la-taxe-zucman-rejetee-a-lassemblee-nationale-20251031_HIQK2LK6SNEQVHZMAR7WLYT3SI\/\" target=\"_blank\" rel=\"noreferrer noopener\" title=\"https:\/\/www.liberation.fr\/economie\/budget-2026-la-taxe-zucman-rejetee-a-lassemblee-nationale-20251031_HIQK2LK6SNEQVHZMAR7WLYT3SI\/\">rejet\u00e9e en s\u00e9ance par les d\u00e9put\u00e9s du bloc central, LR et RN<\/a> \u2013, et c\u2019est assez navrant.<\/p>\n<p class=\"sc-cPiKLX AiZTS text-element\">Cette disposition, mise dans le d\u00e9bat public par l\u2019\u00e9conomiste Gabriel Zucman, dont le PS avait fait une des conditions pour ne pas censurer le gouvernement Lecornu, s\u2019est pourtant impos\u00e9e dans l\u2019opinion comme une \u00e9vidence. Et m\u00eame comme un minimum. Mais c\u2019\u00e9tait d\u00e9j\u00e0 trop pour le gouvernement et ses soutiens, comme pour la droite et l\u2019extr\u00eame droite, quitte \u00e0 prendre \u00e0 rebours une large part de leurs \u00e9lectorats respectifs.<\/p>\n<p class=\"sc-cPiKLX AiZTS text-element\">La mise en place de cette taxe avait d\u2019ailleurs \u00e9t\u00e9 \u00e9cart\u00e9e d\u2019un revers de main par le Premier ministre ava<\/p>\n","protected":false},"excerpt":{"rendered":"Depuis quelque temps maintenant, il ne faisait plus grand doute que la taxe Zucman, visant \u00e0 imposer un&hellip;\n","protected":false},"author":2,"featured_media":504434,"comment_status":"","ping_status":"","sticky":false,"template":"","format":"standard","meta":{"footnotes":""},"categories":[2],"tags":[11,25548,1011,27,12,429,25],"class_list":{"0":"post-504433","1":"post","2":"type-post","3":"status-publish","4":"format-standard","5":"has-post-thumbnail","7":"category-actualites","8":"tag-actualites","9":"tag-budget-public","10":"tag-fr","11":"tag-france","12":"tag-news","13":"tag-ps","14":"tag-republique-francaise"},"share_on_mastodon":{"url":"https:\/\/pubeurope.com\/@fr\/115474205579208312","error":""},"_links":{"self":[{"href":"https:\/\/www.europesays.com\/fr\/wp-json\/wp\/v2\/posts\/504433","targetHints":{"allow":["GET"]}}],"collection":[{"href":"https:\/\/www.europesays.com\/fr\/wp-json\/wp\/v2\/posts"}],"about":[{"href":"https:\/\/www.europesays.com\/fr\/wp-json\/wp\/v2\/types\/post"}],"author":[{"embeddable":true,"href":"https:\/\/www.europesays.com\/fr\/wp-json\/wp\/v2\/users\/2"}],"replies":[{"embeddable":true,"href":"https:\/\/www.europesays.com\/fr\/wp-json\/wp\/v2\/comments?post=504433"}],"version-history":[{"count":0,"href":"https:\/\/www.europesays.com\/fr\/wp-json\/wp\/v2\/posts\/504433\/revisions"}],"wp:featuredmedia":[{"embeddable":true,"href":"https:\/\/www.europesays.com\/fr\/wp-json\/wp\/v2\/media\/504434"}],"wp:attachment":[{"href":"https:\/\/www.europesays.com\/fr\/wp-json\/wp\/v2\/media?parent=504433"}],"wp:term":[{"taxonomy":"category","embeddable":true,"href":"https:\/\/www.europesays.com\/fr\/wp-json\/wp\/v2\/categories?post=504433"},{"taxonomy":"post_tag","embeddable":true,"href":"https:\/\/www.europesays.com\/fr\/wp-json\/wp\/v2\/tags?post=504433"}],"curies":[{"name":"wp","href":"https:\/\/api.w.org\/{rel}","templated":true}]}}