{"id":504439,"date":"2025-11-01T11:31:14","date_gmt":"2025-11-01T11:31:14","guid":{"rendered":"https:\/\/www.europesays.com\/fr\/504439\/"},"modified":"2025-11-01T11:31:14","modified_gmt":"2025-11-01T11:31:14","slug":"meline-pierret-la-precision-suisse-au-service-des-beziers-angels","status":"publish","type":"post","link":"https:\/\/www.europesays.com\/fr\/504439\/","title":{"rendered":"M\u00e9line Pierret, la pr\u00e9cision suisse au service des B\u00e9ziers Angels"},"content":{"rendered":"<p>\n                                                                Internationale suisse, la passeuse de 26 ans sera un des atouts du B\u00e9ziers Volley qui se d\u00e9place, samedi 1er\u00a0novembre (19\u00a0h), au Volero Cannet.\n                            <\/p>\n<p>Arriv\u00e9e cet \u00e9t\u00e9 en provenance de Neuch\u00e2tel, M\u00e9line Pierret, 26 ans, est l\u2019une des nouvelles recrues du B\u00e9ziers Angels.\u00a0Internationale suisse, la passeuse a d\u00e9j\u00e0 v\u00e9cu huit saisons dans son pays, ponctu\u00e9es de trois tripl\u00e9s nationaux, en championnat, en coupe et en supercoupe.<\/p>\n<p>\u00ab\u00a0J\u2019ai jou\u00e9 huit ans en Suisse, dans trois clubs\u00a0: le NUC, D\u00fcdingen et Smash B\u00e2le. J\u2019ai remport\u00e9 trois tripl\u00e9s avec Neuch\u00e2tel et m\u00eame disput\u00e9 une finale europ\u00e9enne. Mais je savais que si je ne tentais pas l\u2019\u00e9tranger, je le regretterais\u00a0\u00bb, explique la joueuse originaire de Fribourg. Pour la premi\u00e8re fois, la passeuse d\u2019un 1,74\u00a0m a quitt\u00e9 son pays natal cet \u00e9t\u00e9.<\/p>\n<p>\u00ab\u00a0B\u00e9ziers est club est tr\u00e8s familial, les filles et le staff m\u2019ont tr\u00e8s bien accueillie. Et avec le soleil, c\u2019est un vrai changement par rapport \u00e0 la Suisse\u00a0\u00bb, sourit-elle.<br \/>\u00c0 B\u00e9ziers, M\u00e9line Pierret a d\u00e9couvert un championnat un cran au-dessus\u00a0: \u00ab\u00a0Le niveau, ici, est clairement plus \u00e9lev\u00e9. Tout va plus vite, \u00e7a tape plus fort. Mais c\u2019est exactement ce que je cherchais\u00a0\u00bb, confie-t-elle, heureuse de se confronter \u00e0 un nouveau d\u00e9fi.<\/p>\n<p>Trouver la bonne coh\u00e9sion<\/p>\n<p>Cette saison, les d\u00e9buts des B\u00e9ziers Angels dans cette Saforelle Power 6 ont pourtant \u00e9t\u00e9 h\u00e9sitants. \u00ab\u00a0Nous n\u2019avons pas encore trouv\u00e9 la bonne coh\u00e9sion, estime la jeune passeuse. Il nous faut passer encore plus de temps ensemble, et aussi en dehors du terrain. Le potentiel est l\u00e0, il faut juste le r\u00e9v\u00e9ler.\u00a0\u00bb<\/p>\n<p>Exemptent de match la semaine derni\u00e8re, les Biterroises retrouvent la comp\u00e9tition ce samedi 1er\u00a0novembre, sur le parquet du Volero-Le\u00a0Cannet. Un choc de la cinqui\u00e8me journ\u00e9e que la joueuse aborde avec ambition. \u00ab\u00a0C\u2019est une grande \u00e9quipe, mais on doit croire en nous, assure-t-elle. Rien n\u2019est jou\u00e9 on a eu du temps pour se recentrer et on veut donner le meilleur.\u00a0\u00bb<\/p>\n<p>En dehors du volley-ball, M\u00e9line Pierret poursuit un bachelor en \u00e9conomie. Entre rigueur helv\u00e9tique, sourire et d\u00e9termination, la nouvelle passeuse biterroise entend bien distribuer plus que des ballons\u00a0: une v\u00e9ritable dynamique de jeu.<\/p>\n<p>Le\u00a0Cannet\/B\u00e9ziers, samedi 1er\u00a0novembre, \u00e0 19\u00a0h.<\/p>\n","protected":false},"excerpt":{"rendered":"Internationale suisse, la passeuse de 26 ans sera un des atouts du B\u00e9ziers Volley qui se d\u00e9place, samedi&hellip;\n","protected":false},"author":2,"featured_media":504440,"comment_status":"","ping_status":"","sticky":false,"template":"","format":"standard","meta":{"footnotes":""},"categories":[1417],"tags":[1011,27,60,1470,1469],"class_list":{"0":"post-504439","1":"post","2":"type-post","3":"status-publish","4":"format-standard","5":"has-post-thumbnail","7":"category-volley","8":"tag-fr","9":"tag-france","10":"tag-sports","11":"tag-volley","12":"tag-volleyball"},"share_on_mastodon":{"url":"https:\/\/pubeurope.com\/@fr\/115474221336158266","error":""},"_links":{"self":[{"href":"https:\/\/www.europesays.com\/fr\/wp-json\/wp\/v2\/posts\/504439","targetHints":{"allow":["GET"]}}],"collection":[{"href":"https:\/\/www.europesays.com\/fr\/wp-json\/wp\/v2\/posts"}],"about":[{"href":"https:\/\/www.europesays.com\/fr\/wp-json\/wp\/v2\/types\/post"}],"author":[{"embeddable":true,"href":"https:\/\/www.europesays.com\/fr\/wp-json\/wp\/v2\/users\/2"}],"replies":[{"embeddable":true,"href":"https:\/\/www.europesays.com\/fr\/wp-json\/wp\/v2\/comments?post=504439"}],"version-history":[{"count":0,"href":"https:\/\/www.europesays.com\/fr\/wp-json\/wp\/v2\/posts\/504439\/revisions"}],"wp:featuredmedia":[{"embeddable":true,"href":"https:\/\/www.europesays.com\/fr\/wp-json\/wp\/v2\/media\/504440"}],"wp:attachment":[{"href":"https:\/\/www.europesays.com\/fr\/wp-json\/wp\/v2\/media?parent=504439"}],"wp:term":[{"taxonomy":"category","embeddable":true,"href":"https:\/\/www.europesays.com\/fr\/wp-json\/wp\/v2\/categories?post=504439"},{"taxonomy":"post_tag","embeddable":true,"href":"https:\/\/www.europesays.com\/fr\/wp-json\/wp\/v2\/tags?post=504439"}],"curies":[{"name":"wp","href":"https:\/\/api.w.org\/{rel}","templated":true}]}}