{"id":50444,"date":"2025-04-25T00:14:09","date_gmt":"2025-04-25T00:14:09","guid":{"rendered":"https:\/\/www.europesays.com\/fr\/50444\/"},"modified":"2025-04-25T00:14:09","modified_gmt":"2025-04-25T00:14:09","slug":"marches-leurope-prudente-wall-street-en-hausse-pour-la-troisieme-seance-daffilee-actualites-orange-portail-orange","status":"publish","type":"post","link":"https:\/\/www.europesays.com\/fr\/50444\/","title":{"rendered":"March\u00e9s: l&#039;Europe prudente, Wall Street en hausse pour la troisi\u00e8me s\u00e9ance d&#039;affil\u00e9e : Actualit\u00e9s &#8211; Orange &#8211; Portail Orange"},"content":{"rendered":"<ol>\n<li><a href=\"https:\/\/news.google.com\/rss\/articles\/CBMizwFBVV95cUxNbjl3Y1JoWE84eDFkMlJaMkUyV0ZpZW5UclFpMGo2cWJweTVxekNLLXBKTTd4dUJtNFptNURXbWRoX3E3M0lCNk1IcDZlMUtfZkQ0dXc2VkQ4T0o4MGNHWEhBR2gzd1BxRGMxV0E5Y0xDYktZb1ZhU25MUWQ0ZlNTc2xYNTkxa3liZlhMckhRSldwU0haUVNNZ2xCV0ptQzZYc25BbEZaZFczSGVsQjZSSjlQREZXZ0VOMG9XUFRkaWlyODFHTWtaOERnYkxKU0E?oc=5\" target=\"_blank\" rel=\"noopener\">March\u00e9s: l&rsquo;Europe prudente, Wall Street en hausse pour la troisi\u00e8me s\u00e9ance d&rsquo;affil\u00e9e : Actualit\u00e9s &#8211; Orange<\/a>&nbsp;&nbsp;Portail Orange<\/li>\n<li><a href=\"https:\/\/news.google.com\/rss\/articles\/CBMi8gFBVV95cUxNMUxJWE9oUk04ejNVMFVzeDF0bTkwMUVsMUxhNUdYZmlKWlNrVkgyWTQ5dzIydVpVcS04WHl0X3BmeEYtc0hVUkRJZE54dXhhTS1RRGhnWTNEQkNScnFHNkszNFoyZVVFSGdBZ1dwWEJkVENvU21nS182ZG9GZnE3bWZES3FoZjh0ay1INl9waGFJdlFXakluQkMySzlfVnRtYnY0N0xLNkVlbmF6T3lteTFsVGlELXAzakpXaC1SV1hQQzA1Nm04d25rS3RaZVVOZjdRWjlseGFmQTAxX0lvTUNLNTZnMVNENDA1RWNkVTlSd9IB9wFBVV95cUxONlB0RDBsWV9pS256NGFFM29sR3Vyak5KU2llLVNRZDgxR0JDOHBDN0FaNXowZmVkTVQ2djlKbVNWVmd1NU5kQmVBWmNZZUloZGVTbFRadlBreTE1dS0wS0VsbXhfVTJTa1RGSXlwTi1QQk12dFd5eXh2MENPQ3BQOUlyT2hXaHNwMTJSdTVKVFpvWHFpbElCZ0hYbE11dWFIOXZzSzRITHhsTFE1VEk4RmhuNGVfMi11YWhiWmlmeDNfVFlYMGd4TmNWc1ZxbHFXQVB1Q0lHVTVQR1R4WmVpWVk2eHpjeHZzSzRjdGtSbHF0TTM5ZkhN?oc=5\" target=\"_blank\" rel=\"noopener\">March\u00e9s: l&rsquo;Europe prudente, Wall Street en hausse pour la troisi\u00e8me s\u00e9ance d&rsquo;affil\u00e9e<\/a>&nbsp;&nbsp;Boursorama<\/li>\n<li><a href=\"https:\/\/news.google.com\/rss\/articles\/CBMi8AFBVV95cUxQQWQ3dlliLXJYMEk0bVNXRG05ZTY4c3NwWXRFaFlGTnoyZndYaEM1UW5Ob2Q1bnF1UDBPYWxyb2xNSTRZZXhUX2xVSVFBNHpnZUxGclU4T1ZJcjdiYVpHNHlQNDluRHdWTFdoY0lZTTgyVGJQV3pqRWFHVTdVQkpXYUYxazZrdmpJM3NoS1RKdG1CeVBkYkFUaTQ4WHZFWUNwa25tVG11QWJab3ExSFNmOWQxZVFWbU82VzRsNFRCdGxUT1JSanF0MFlnSVloeFRpc1RzMnYtMGN6ZlhEam1hOXB1MFNqWXZ5Mi0zbTNyRnE?oc=5\" target=\"_blank\" rel=\"noopener\">Cac 40 : Avec des espoirs de baisses des taux de la Fed, le CAC 40 termine en l\u00e9g\u00e8re hausse<\/a>&nbsp;&nbsp;BFM Bourse<\/li>\n<li><a href=\"https:\/\/news.google.com\/rss\/articles\/CBMipgFBVV95cUxOSTNKZkN2V3pUVVpqbnlFdnNxeUoxRjlYbG5lMFdGWUlJeGwwV0RCR2RJLWJER2VhWWZUc1BjcTkxekNXczB5ejlmVkFYT1NkVVpPY09wQWZqOEhuMlo4Z2JIWkNHSURkSjc0T2h6bXBxSDg3REoweGlkcnZsNkZ6RE9lVVAtajE5Tkh0cTN6ejU1X0daRlJ3eWNMVk44ZlhreHY3UnNR0gGrAUFVX3lxTE1PWFRscGhheVBTWEFoM1V0dXpJR1pmVERVbGJsV3o2dm1KYWRrcEhlaXBsdWl4Qkc3bHFKVzRCTF9hWURTTV9MdVRzSy1mOG1qMWFJc0gwcDlkUkw3MWVCWnIxS2NNeVdDdll5V1NseUc4ZGk5MnU5TVhrTVZieFVkeS1wNlBWN21USnpCQ1hDOGc3UzctX1lfSVRkb284dk9GTWJfdVZOc1FYZw?oc=5\" target=\"_blank\" rel=\"noopener\">CAC40: termine dans le vert apr\u00e8s l&rsquo;avalanche de r\u00e9sultats&#8230;<\/a>&nbsp;&nbsp;Fortuneo<\/li>\n<li><a href=\"https:\/\/news.google.com\/rss\/articles\/CBMixAFBVV95cUxQOXJtRVhYRF9heEx2ay1GRkdqckpCcEFOaVFwTDFlcG1zQkN4MDY5bWdzcmJrbDROR0VFSVI0OFpUOTV4SURSN0NzOU5rLUhtWDhxN0tINFZNYWhJQjBzWWhzZzRHMkdJT3BObS1OUmtMSmU2ZFQwdkYwVlotSXdGQVpPMWR1THhrTEVNZ0xMZHpCRWM0WHZJd2h2SWZ2V2hva2ZUelZYTWRUOHVZSVZ0UElCSDRSTEgzU1NISEZVV2I0Y21q?oc=5\" target=\"_blank\" rel=\"noopener\">La Bourse de Paris cl\u00f4t sur une hausse timide, apr\u00e8s une salve de r\u00e9sultats<\/a>&nbsp;&nbsp;Portail Orange<\/li>\n<\/ol>\n","protected":false},"excerpt":{"rendered":"March\u00e9s: l&rsquo;Europe prudente, Wall Street en hausse pour la troisi\u00e8me s\u00e9ance d&rsquo;affil\u00e9e : Actualit\u00e9s &#8211; Orange&nbsp;&nbsp;Portail Orange March\u00e9s:&hellip;\n","protected":false},"author":2,"featured_media":50445,"comment_status":"","ping_status":"","sticky":false,"template":"","format":"standard","meta":{"footnotes":""},"categories":[1586],"tags":[11,340,313,1777,674,1011,27,6205,12,14269,25],"class_list":{"0":"post-50444","1":"post","2":"type-post","3":"status-publish","4":"format-standard","5":"has-post-thumbnail","7":"category-europe","8":"tag-actualites","9":"tag-bourse","10":"tag-entreprises","11":"tag-eu","12":"tag-europe","13":"tag-fr","14":"tag-france","15":"tag-marchs","16":"tag-news","17":"tag-rsultats","18":"tag-republique-francaise"},"share_on_mastodon":{"url":"https:\/\/pubeurope.com\/@fr\/114395720175457652","error":""},"_links":{"self":[{"href":"https:\/\/www.europesays.com\/fr\/wp-json\/wp\/v2\/posts\/50444","targetHints":{"allow":["GET"]}}],"collection":[{"href":"https:\/\/www.europesays.com\/fr\/wp-json\/wp\/v2\/posts"}],"about":[{"href":"https:\/\/www.europesays.com\/fr\/wp-json\/wp\/v2\/types\/post"}],"author":[{"embeddable":true,"href":"https:\/\/www.europesays.com\/fr\/wp-json\/wp\/v2\/users\/2"}],"replies":[{"embeddable":true,"href":"https:\/\/www.europesays.com\/fr\/wp-json\/wp\/v2\/comments?post=50444"}],"version-history":[{"count":0,"href":"https:\/\/www.europesays.com\/fr\/wp-json\/wp\/v2\/posts\/50444\/revisions"}],"wp:featuredmedia":[{"embeddable":true,"href":"https:\/\/www.europesays.com\/fr\/wp-json\/wp\/v2\/media\/50445"}],"wp:attachment":[{"href":"https:\/\/www.europesays.com\/fr\/wp-json\/wp\/v2\/media?parent=50444"}],"wp:term":[{"taxonomy":"category","embeddable":true,"href":"https:\/\/www.europesays.com\/fr\/wp-json\/wp\/v2\/categories?post=50444"},{"taxonomy":"post_tag","embeddable":true,"href":"https:\/\/www.europesays.com\/fr\/wp-json\/wp\/v2\/tags?post=50444"}],"curies":[{"name":"wp","href":"https:\/\/api.w.org\/{rel}","templated":true}]}}