{"id":504445,"date":"2025-11-01T11:37:11","date_gmt":"2025-11-01T11:37:11","guid":{"rendered":"https:\/\/www.europesays.com\/fr\/504445\/"},"modified":"2025-11-01T11:37:11","modified_gmt":"2025-11-01T11:37:11","slug":"a-troyes-lise-klaes-aura-un-truc-a-jouer-actualite","status":"publish","type":"post","link":"https:\/\/www.europesays.com\/fr\/504445\/","title":{"rendered":"\u00c0 Troyes, Lise Klaes aura \u00ab un truc \u00e0 jouer \u00bb &#8211; Actualit\u00e9"},"content":{"rendered":"<p style=\"text-align: justify;\">C\u2019est en toute confiance que Lise Klaes est arriv\u00e9e le week-end dernier \u00e0 Albi, pour le premier week-end de la Coupe de France. Et ce malgr\u00e9 une reprise volontairement tardive, sur un cyclo-cross r\u00e9gional la semaine pr\u00e9c\u00e9dente. \u201cMa pr\u00e9paration s&rsquo;est pass\u00e9e \u00e0 100 % comme je le voulais. En venant ici, je savais o\u00f9 j&rsquo;en \u00e9tais, je savais que \u00e7a ne pouvait que bien se passer\u201d, assure-t-elle \u00e0 DirectVelo.<\/p>\n<p>\u00c0 l\u2019issue de la seconde manche, elle \u00e9tait \u201ccontente\u201d de sa double prestation. \u201cJe suis vraiment dans le rythme comme il faut\u201d. Apr\u00e8s avoir pris la 5e place le samedi, elle a fini un rang plus haut le dimanche. \u201cJ&rsquo;ai eu peur au d\u00e9part, parce que la premi\u00e8re minute j&rsquo;avais l&rsquo;impression d&rsquo;avoir des frissons partout et de ne pas \u00eatre dedans du tout. Finalement, \u00e0 la moiti\u00e9 du premier tour, j&rsquo;\u00e9tais bien\u201d, appr\u00e9cie-t-elle.<\/p>\n<p><strong>\u00ab COMPL\u00c8TEMENT CUITE \u00bb <\/strong><strong>EN JANVIER DERNIER<\/strong><\/p>\n<p>Cet hiver, Lise Klaes a donc fait le choix de d\u00e9marrer sa saison plus tranquillement, apr\u00e8s avoir \u00e9t\u00e9\u00a0\u201ccompl\u00e8tement cuite\u201d en janvier dernier. Sur le circuit de Pontch\u00e2teau, elle n\u2019avait pu faire mieux que 17e lors du Championnat de France. \u201cJ\u2019avais derri\u00e8re pouss\u00e9 jusqu&rsquo;au Mondial, c\u2019\u00e9tait compliqu\u00e9. Les manches de Coupe du Monde arrivent tard cet hiver, \u00e7a ne servait \u00e0 rien de reprendre plus t\u00f4t\u201d.<\/p>\n<p>Le principal objectif de sa saison sera le Championnat de France, qui aura lieu le 11 janvier sur le circuit de Troyes. Licenci\u00e9e \u00e0 l\u2019UVCA Troyes, ce rendez-vous aura une saveur particuli\u00e8re pour l\u2019ancienne Championne de France Juniors. Et point positif, l\u2019athl\u00e8te de 20 ans appr\u00e9cie le circuit aubois. \u201cQue ce soit sec ou humide, \u00e7a me va bien, m\u00eame si les ann\u00e9es pr\u00e9c\u00e9dentes un circuit rapide ne me convenait pas trop. Mais avec une saison de route dans les jambes, je sens que \u00e7a va beaucoup mieux donc j&rsquo;ai h\u00e2te d&rsquo;\u00eatre \u00e0 Troyes. Je sais que si je suis \u00e0 100 %, il y a un truc \u00e0 jouer\u201d.<\/p>\n","protected":false},"excerpt":{"rendered":"C\u2019est en toute confiance que Lise Klaes est arriv\u00e9e le week-end dernier \u00e0 Albi, pour le premier week-end&hellip;\n","protected":false},"author":2,"featured_media":504446,"comment_status":"","ping_status":"","sticky":false,"template":"","format":"standard","meta":{"footnotes":""},"categories":[1411],"tags":[834,828,836,829,837,827,83,826,824,823,1154,207,814,817,815,816,822,821,832,211,839,1011,27,820,818,819,835,831,830,833,838,60,212,208,825],"class_list":{"0":"post-504445","1":"post","2":"type-post","3":"status-publish","4":"format-standard","5":"has-post-thumbnail","7":"category-cyclisme","8":"tag-attaque","9":"tag-belgique","10":"tag-braquet","11":"tag-bretagne","12":"tag-chute","13":"tag-competition","14":"tag-coupe-de-france","15":"tag-coureur","16":"tag-course-cyclisme","17":"tag-course-cycliste","18":"tag-cycling","19":"tag-cyclisme","20":"tag-direct","21":"tag-direct-velo","22":"tag-directvelo","23":"tag-directvelo-com","24":"tag-epreuve","25":"tag-epreuve-cycliste","26":"tag-federation-francaise-de-cyclisme","27":"tag-ffc","28":"tag-flandres","29":"tag-fr","30":"tag-france","31":"tag-live","32":"tag-live-course","33":"tag-live-epreuve","34":"tag-peloton","35":"tag-radio-peloton","36":"tag-radio-tour","37":"tag-ravitaillement","38":"tag-relance","39":"tag-sports","40":"tag-uci","41":"tag-velo","42":"tag-velos"},"share_on_mastodon":{"url":"https:\/\/pubeurope.com\/@fr\/115474244907919170","error":""},"_links":{"self":[{"href":"https:\/\/www.europesays.com\/fr\/wp-json\/wp\/v2\/posts\/504445","targetHints":{"allow":["GET"]}}],"collection":[{"href":"https:\/\/www.europesays.com\/fr\/wp-json\/wp\/v2\/posts"}],"about":[{"href":"https:\/\/www.europesays.com\/fr\/wp-json\/wp\/v2\/types\/post"}],"author":[{"embeddable":true,"href":"https:\/\/www.europesays.com\/fr\/wp-json\/wp\/v2\/users\/2"}],"replies":[{"embeddable":true,"href":"https:\/\/www.europesays.com\/fr\/wp-json\/wp\/v2\/comments?post=504445"}],"version-history":[{"count":0,"href":"https:\/\/www.europesays.com\/fr\/wp-json\/wp\/v2\/posts\/504445\/revisions"}],"wp:featuredmedia":[{"embeddable":true,"href":"https:\/\/www.europesays.com\/fr\/wp-json\/wp\/v2\/media\/504446"}],"wp:attachment":[{"href":"https:\/\/www.europesays.com\/fr\/wp-json\/wp\/v2\/media?parent=504445"}],"wp:term":[{"taxonomy":"category","embeddable":true,"href":"https:\/\/www.europesays.com\/fr\/wp-json\/wp\/v2\/categories?post=504445"},{"taxonomy":"post_tag","embeddable":true,"href":"https:\/\/www.europesays.com\/fr\/wp-json\/wp\/v2\/tags?post=504445"}],"curies":[{"name":"wp","href":"https:\/\/api.w.org\/{rel}","templated":true}]}}