{"id":504449,"date":"2025-11-01T11:39:11","date_gmt":"2025-11-01T11:39:11","guid":{"rendered":"https:\/\/www.europesays.com\/fr\/504449\/"},"modified":"2025-11-01T11:39:11","modified_gmt":"2025-11-01T11:39:11","slug":"mariah-carey-lance-officiellement-la-saison-de-noel-2025","status":"publish","type":"post","link":"https:\/\/www.europesays.com\/fr\/504449\/","title":{"rendered":"Mariah Carey lance officiellement la saison de No\u00ebl 2025"},"content":{"rendered":"<p class=\"article-p mdl\">La reine des f\u00eates de fin d&rsquo;ann\u00e9e est de retour. Mariah Carey n&rsquo;a pas d\u00e9rog\u00e9 \u00e0 la tradition qu&rsquo;elle a instaur\u00e9e depuis de nombreuses ann\u00e9es :<strong> le coup d&rsquo;envoi de la saison de No\u00ebl<\/strong>. Ce 1er novembre, la chanteuse am\u00e9ricaine de 56 ans a publi\u00e9 une vid\u00e9o d&rsquo;une minute sur ses r\u00e9seaux sociaux o\u00f9, au d\u00e9but, elle appara\u00eet d\u00e9guis\u00e9e en ange pour Halloween.<\/p>\n<p class=\"article-p mdl\">Alors qu&rsquo;elle s&rsquo;appr\u00eate \u00e0 chanter son fameux \u00ab\u00a0It&rsquo;s time !\u00a0\u00bb, phrase qui lance le d\u00e9but des festivit\u00e9s, un elfe lui annonce que cette ann\u00e9e, No\u00ebl est annul\u00e9. En cause, une gr\u00e8ve des lutins du P\u00e8re No\u00ebl pour contester contre \u00ab\u00a0l&rsquo;enfer\u00a0\u00bb qu&rsquo;ils vivent pendant ces f\u00eates.\u00a0<\/p>\n<p class=\"article-p mdl\">Mais d\u00e8s que les cloches sonnent minuit, Mariah Carey se transforme en <strong>M\u00e8re No\u00ebl <\/strong>et commence \u00e0 chanter son tube le plus connu,\u00a0<a class=\"link\" href=\"https:\/\/www.rtl.fr\/culture\/musique\/all-i-want-for-christmas-combien-gagne-mariah-carey-grace-a-ce-tube-de-noel-7900447237\" title=\"&quot;All I Want For Christmas&quot; : combien gagne Mariah Carey gr\u00e2ce \u00e0 ce tube de No\u00ebl ?\" target=\"_blank\" rel=\"noopener\">\u00ab\u00a0All I Want For Christmas\u00a0\u00bb<\/a>. L&rsquo;annulation de No\u00ebl, ce n&rsquo;est d\u00e9finitivement pas pour cette ann\u00e9e.\u00a0<\/p>\n<p>        \u00c0 \u00e9couter<\/p>\n<p class=\"col-12 col-md-11\">\n<p>                                L&rsquo;histoire derri\u00e8re un tube : \u00ab\u00a0All I want for Christmas\u00a0\u00bb de Mariah Carey\n                        <\/p>\n<p>    La r\u00e9daction vous recommande<\/p>\n<p class=\"s-newsletter__title\">\n                L\u2019actualit\u00e9 par la r\u00e9daction de RTL dans votre bo\u00eete mail.\n            <\/p>\n<p class=\"s-newsletter__subtitle\">\n                Gr\u00e2ce \u00e0 votre compte RTL abonnez-vous \u00e0 la newsletter RTL info pour suivre toute l&rsquo;actualit\u00e9 au quotidien\n            <\/p>\n<p>\n                                    Lire la suite\n                                <\/p>\n","protected":false},"excerpt":{"rendered":"La reine des f\u00eates de fin d&rsquo;ann\u00e9e est de retour. Mariah Carey n&rsquo;a pas d\u00e9rog\u00e9 \u00e0 la tradition&hellip;\n","protected":false},"author":2,"featured_media":504450,"comment_status":"","ping_status":"","sticky":false,"template":"","format":"standard","meta":{"footnotes":""},"categories":[1359],"tags":[1695,58,59,2414,107,1011,27,34115,15830,973],"class_list":{"0":"post-504449","1":"post","2":"type-post","3":"status-publish","4":"format-standard","5":"has-post-thumbnail","7":"category-people","8":"tag-chanson","9":"tag-divertissement","10":"tag-entertainment","11":"tag-fil-culture","12":"tag-fil-info","13":"tag-fr","14":"tag-france","15":"tag-mariah-carey","16":"tag-noel","17":"tag-people"},"share_on_mastodon":{"url":"https:\/\/pubeurope.com\/@fr\/115474252721575449","error":""},"_links":{"self":[{"href":"https:\/\/www.europesays.com\/fr\/wp-json\/wp\/v2\/posts\/504449","targetHints":{"allow":["GET"]}}],"collection":[{"href":"https:\/\/www.europesays.com\/fr\/wp-json\/wp\/v2\/posts"}],"about":[{"href":"https:\/\/www.europesays.com\/fr\/wp-json\/wp\/v2\/types\/post"}],"author":[{"embeddable":true,"href":"https:\/\/www.europesays.com\/fr\/wp-json\/wp\/v2\/users\/2"}],"replies":[{"embeddable":true,"href":"https:\/\/www.europesays.com\/fr\/wp-json\/wp\/v2\/comments?post=504449"}],"version-history":[{"count":0,"href":"https:\/\/www.europesays.com\/fr\/wp-json\/wp\/v2\/posts\/504449\/revisions"}],"wp:featuredmedia":[{"embeddable":true,"href":"https:\/\/www.europesays.com\/fr\/wp-json\/wp\/v2\/media\/504450"}],"wp:attachment":[{"href":"https:\/\/www.europesays.com\/fr\/wp-json\/wp\/v2\/media?parent=504449"}],"wp:term":[{"taxonomy":"category","embeddable":true,"href":"https:\/\/www.europesays.com\/fr\/wp-json\/wp\/v2\/categories?post=504449"},{"taxonomy":"post_tag","embeddable":true,"href":"https:\/\/www.europesays.com\/fr\/wp-json\/wp\/v2\/tags?post=504449"}],"curies":[{"name":"wp","href":"https:\/\/api.w.org\/{rel}","templated":true}]}}