{"id":504453,"date":"2025-11-01T11:42:14","date_gmt":"2025-11-01T11:42:14","guid":{"rendered":"https:\/\/www.europesays.com\/fr\/504453\/"},"modified":"2025-11-01T11:42:14","modified_gmt":"2025-11-01T11:42:14","slug":"qui-sont-les-invites-de-lea-salame-ce-samedi-1er-novembre-2025","status":"publish","type":"post","link":"https:\/\/www.europesays.com\/fr\/504453\/","title":{"rendered":"Qui sont les invit\u00e9s de L\u00e9a Salam\u00e9 ce samedi 1er novembre 2025 ?"},"content":{"rendered":"<p>Ce samedi 1\u1d49\u02b3 novembre, en deuxi\u00e8me partie de soir\u00e9e, L\u00e9a Salam\u00e9 recevra de nouvelles personnalit\u00e9s autour de sa table dans Quelle \u00e9poque ! diffus\u00e9 sur France 2. D\u00e9couvrez vite celles et ceux qui seront \u00e0 ses c\u00f4t\u00e9s.<\/p>\n<p>Ce samedi 1er novembre, L\u00e9a Salam\u00e9 sera aux commandes d&rsquo;un num\u00e9ro in\u00e9dit de Quelle \u00e9poque ! diffus\u00e9 en deuxi\u00e8me partie de soir\u00e9e sur France 2. Comme \u00e0 l&rsquo;accoutum\u00e9e, l&rsquo;animatrice, <a href=\"https:\/\/www.programme-tv.net\/news\/tv\/389972-hugo-clement-quelle-epoque-se-confie-sur-ses-rapports-avec-lea-salame-les-roles-sont-bien-definis\/\" data-api-deeplink=\"teleloisirs:\/\/news\/389972\" target=\"_blank\" rel=\"noopener\">entour\u00e9e de Paul de Saint Sernin et Hugo Cl\u00e9ment<\/a>, recevra une ribambelle d&rsquo;invit\u00e9s autour de sa table, \u00e0 commencer par<b> <\/b><a href=\"https:\/\/www.programme-tv.net\/biographie\/8661-rouve-jean-paul\/\" data-link-people=\"fe6a2aac-c7de-4009-bf11-8e4423beaeed\" target=\"_blank\" rel=\"noopener\"><b>Jean-Paul Rouve<\/b><\/a><b> et El\u00e9onora Galasso <\/b>pour la promotion de la pi\u00e8ce Le Bourgeois Gentilhomme, de Moli\u00e8re, qui se joue jusqu&rsquo;au 10 janvier prochain au Th\u00e9\u00e2tre Antoine \u00e0 Paris. Dans cette com\u00e9die baroque et dansante mise en sc\u00e8ne par J\u00e9r\u00e9mie Lippmann assist\u00e9 de Sarah Gell\u00e9 et Sarah Recht, <a href=\"https:\/\/www.programme-tv.net\/news\/cinema\/370405-il-y-a-un-monde-qui-s-effondre-jeff-tuche-chamboule-dans-god-save-the-tuche-les-revelations-de-jean-paul-rouve-sur-le-film\/\" data-api-deeplink=\"teleloisirs:\/\/news\/370405\" target=\"_blank\" rel=\"noopener\">la star des Tuche<\/a> incarne Monsieur Jourdain qui veut devenir un \u00ab\u00a0gentilhomme\u00a0\u00bb.<\/p>\n<p><b>Le repr\u00e9sentant de la France au concours Mister Universe parmi les invit\u00e9s de <\/b><b>Quelle \u00e9poque !<\/b><\/p>\n<p><a href=\"https:\/\/www.programme-tv.net\/biographie\/46751-payet-manu\/\" data-link-people=\"e9fed99c-5332-46ed-a9c2-a1ce353d3269\" target=\"_blank\" rel=\"noopener\"><b>Manu Payet<\/b><\/a> figure aussi parmi les invit\u00e9s de Quelle \u00e9poque ! ce samedi 1\u1d49\u02b3 novembre. L&rsquo;humoriste sera pr\u00e9sent sur le plateau pour \u00e9voquer son passage au D\u00f4me de Paris le 26 novembre prochain dans le cadre de son spectacle Emmanuel 2 dans lequel il \u00ab\u00a0raconte le &lsquo;papa boomer&rsquo; qu&rsquo;il est devenu, qui a besoin de baisser le son de sa radio avant de faire un cr\u00e9neau, et qui ne supporte pas que sa fille ne mette pas ses chaussons\u00a0\u00bb. L\u00e9a Salam\u00e9 recevra le romancier franco-am\u00e9ricain <a href=\"https:\/\/www.programme-tv.net\/biographie\/630-giesbert-franz-olivier\/\" data-link-people=\"3acf2636-8761-47e9-8a94-99e29f5cd342\" target=\"_blank\" rel=\"noopener\"><b>Franz-Olivier Giesbert<\/b><\/a><b> <\/b>venu pr\u00e9senter son livre Voyage dans la France d&rsquo;avant aux \u00e9ditions Gallimard, dernier tome de sa s\u00e9rie litt\u00e9raire Histoire intime de la Ve R\u00e9publique, mais aussi <a href=\"https:\/\/www.programme-tv.net\/biographie\/32229-bertrand-xavier\/\" data-link-people=\"17c1bf4e-f2cf-4613-aef4-52ac35a0a112\" target=\"_blank\" rel=\"noopener\"><b>Xavier Bertrand<\/b><\/a> venu faire la promotion de son ouvrage Rien n&rsquo;est jamais \u00e9crit aux \u00e9ditions Robert Laffont. \u00c0 leurs c\u00f4t\u00e9s, les t\u00e9l\u00e9spectateurs de France 2 retrouveront <b>Alexandre Jacquier<\/b>, le repr\u00e9sentant de la France au concours de Mister Universe. Nul doute que le fermier originaire du Sud-Ouest reviendra sur la fa\u00e7on dont les organisateurs de la comp\u00e9tition l&rsquo;ont rep\u00e9r\u00e9.<\/p>\n<p>                        <b>Un humoriste longtemps disparu des radars dans le num\u00e9ro in\u00e9dit de <\/b><b>Quelle \u00e9poque !<\/b><\/p>\n<p><b>Haroun <\/b>sera aussi pr\u00e9sent sur le plateau de Quelle \u00e9poque ! ce samedi 1\u1d49\u02b3 novembre. Face \u00e0 L\u00e9a Salam\u00e9 et Hugo Cl\u00e9ment, il \u00e9voquera certainement la raison pour laquelle il a disparu des radars pendant trois ans et fera bien \u00e9videmment la promotion de son nouveau spectacle Bonjour quand m\u00eame, qui se jouera du 7 novembre prochain au 31 janvier 2026 au Th\u00e9\u00e2tre le 13e Art \u00e0 Paris. Apr\u00e8s trois mois pass\u00e9s dans la capitale, l&rsquo;humoriste partira en tourn\u00e9e dans toute la France.<\/p>\n<blockquote class=\"twitter-tweet\">\n<p lang=\"fr\" dir=\"ltr\">\ud83d\udce3 Ce soir \u00e0 23h25 sur <a href=\"https:\/\/twitter.com\/hashtag\/France2?src=hash&amp;ref_src=twsrc%5Etfw\" target=\"_blank\" rel=\"noopener\">#France2<\/a>, <a href=\"https:\/\/twitter.com\/LeaSalame?ref_src=twsrc%5Etfw\" target=\"_blank\" rel=\"noopener\">@LeaSalame<\/a> et toute l&rsquo;\u00e9quipe de <a href=\"https:\/\/twitter.com\/hashtag\/QuelleEpoque?src=hash&amp;ref_src=twsrc%5Etfw\" target=\"_blank\" rel=\"noopener\">#QuelleEpoque<\/a> re\u00e7oivent :<\/p>\n<p>\u27a1\ufe0f <a href=\"https:\/\/twitter.com\/JPRouve?ref_src=twsrc%5Etfw\" target=\"_blank\" rel=\"noopener\">@JPRouve<\/a> et <a href=\"https:\/\/twitter.com\/EleonoraGalasso?ref_src=twsrc%5Etfw\" target=\"_blank\" rel=\"noopener\">@EleonoraGalasso<\/a>, pour \u201cLe Bourgeois Gentilhomme\u201d, actuellement au <a href=\"https:\/\/twitter.com\/theatreantoine?ref_src=twsrc%5Etfw\" target=\"_blank\" rel=\"noopener\">@theatreantoine<\/a> \ud83c\udfad<\/p>\n<p>\u27a1\ufe0f <a href=\"https:\/\/twitter.com\/ManuPayetOff?ref_src=twsrc%5Etfw\" target=\"_blank\" rel=\"noopener\">@ManuPayetOff<\/a>, \u00e0 l&rsquo;occasion de la tourn\u00e9e de son nouveau spectalce \u201cEMMANUEL 2\u201d,\u2026 <a href=\"https:\/\/t.co\/Ha68fb2ZTs\">pic.twitter.com\/Ha68fb2ZTs<\/a><\/p>\n<p>\u2014 Quelle \u00c9poque! (@QuelleEpoqueOff) <a href=\"https:\/\/twitter.com\/QuelleEpoqueOff\/status\/1984530859353841668?ref_src=twsrc%5Etfw\" target=\"_blank\" rel=\"noopener\">November 1, 2025<\/a><\/p><\/blockquote>\n<p>Article \u00e9crit en collaboration avec 6M\u00e9dias<\/p>\n<p>        <script async src=\"https:\/\/platform.twitter.com\/widgets.js\" charset=\"utf-8\"><\/script><\/p>\n","protected":false},"excerpt":{"rendered":"Ce samedi 1\u1d49\u02b3 novembre, en deuxi\u00e8me partie de soir\u00e9e, L\u00e9a Salam\u00e9 recevra de nouvelles personnalit\u00e9s autour de sa&hellip;\n","protected":false},"author":2,"featured_media":504454,"comment_status":"","ping_status":"","sticky":false,"template":"","format":"standard","meta":{"footnotes":""},"categories":[1356],"tags":[244,58,59,1011,27,594,30043,3774,3775,3778,252,1364,1630],"class_list":{"0":"post-504453","1":"post","2":"type-post","3":"status-publish","4":"format-standard","5":"has-post-thumbnail","7":"category-television","8":"tag-commentaire","9":"tag-divertissement","10":"tag-entertainment","11":"tag-fr","12":"tag-france","13":"tag-france-2","14":"tag-hugo-clu00e9ment","15":"tag-invitu00e9s","16":"tag-lu00e9a-salamu00e9","17":"tag-quelle-u00e9poque","18":"tag-television","19":"tag-tv","20":"tag-zapping"},"share_on_mastodon":{"url":"https:\/\/pubeurope.com\/@fr\/115474264883126089","error":""},"_links":{"self":[{"href":"https:\/\/www.europesays.com\/fr\/wp-json\/wp\/v2\/posts\/504453","targetHints":{"allow":["GET"]}}],"collection":[{"href":"https:\/\/www.europesays.com\/fr\/wp-json\/wp\/v2\/posts"}],"about":[{"href":"https:\/\/www.europesays.com\/fr\/wp-json\/wp\/v2\/types\/post"}],"author":[{"embeddable":true,"href":"https:\/\/www.europesays.com\/fr\/wp-json\/wp\/v2\/users\/2"}],"replies":[{"embeddable":true,"href":"https:\/\/www.europesays.com\/fr\/wp-json\/wp\/v2\/comments?post=504453"}],"version-history":[{"count":0,"href":"https:\/\/www.europesays.com\/fr\/wp-json\/wp\/v2\/posts\/504453\/revisions"}],"wp:featuredmedia":[{"embeddable":true,"href":"https:\/\/www.europesays.com\/fr\/wp-json\/wp\/v2\/media\/504454"}],"wp:attachment":[{"href":"https:\/\/www.europesays.com\/fr\/wp-json\/wp\/v2\/media?parent=504453"}],"wp:term":[{"taxonomy":"category","embeddable":true,"href":"https:\/\/www.europesays.com\/fr\/wp-json\/wp\/v2\/categories?post=504453"},{"taxonomy":"post_tag","embeddable":true,"href":"https:\/\/www.europesays.com\/fr\/wp-json\/wp\/v2\/tags?post=504453"}],"curies":[{"name":"wp","href":"https:\/\/api.w.org\/{rel}","templated":true}]}}