{"id":504459,"date":"2025-11-01T11:45:20","date_gmt":"2025-11-01T11:45:20","guid":{"rendered":"https:\/\/www.europesays.com\/fr\/504459\/"},"modified":"2025-11-01T11:45:20","modified_gmt":"2025-11-01T11:45:20","slug":"comment-vaincre-ses-idees-noires-la-nuit-ma-sante","status":"publish","type":"post","link":"https:\/\/www.europesays.com\/fr\/504459\/","title":{"rendered":"comment vaincre ses id\u00e9es noires la nuit ?- Ma Sant\u00e9"},"content":{"rendered":"<p>             <a href=\"https:\/\/ma-sante.news\/wp-content\/uploads\/2025\/10\/Sante-mentale-voici-pourquoi-les-idees-noires-apparaissent-toujours-la-nuit-apres-minuit-Ma-Sante.jpg\" data-caption=\"Le cerveau humain n\u2019est pas fait pour rester \u00e9veill\u00e9 la nuit. \u00a9 Freepik\" target=\"_blank\" rel=\"noopener\"><img loading=\"lazy\" decoding=\"async\" width=\"696\" height=\"464\" class=\"entry-thumb td-modal-image ewww_webp_lazy_load\" src=\"data:image\/svg+xml,%3Csvg%20xmlns=\" http:=\"\" data-lazy- data-lazy- alt=\"Une femme qui n'arrive pas \u00e0 dormir la nuit et qui a beaucoup d'id\u00e9es noires.\" title=\"Sante\u0301 mentale voici pourquoi les ide\u0301es noires apparaissent toujours la nuit apre\u0300s minuit Ma Sante\u0301\" data-lazy-src=\"https:\/\/www.europesays.com\/fr\/wp-content\/uploads\/2025\/11\/Sante-mentale-voici-pourquoi-les-idees-noires-apparaissent-toujours-la-nuit-apres-minuit-Ma-Sante-69.jpeg\" data-lazy-src-webp=\"https:\/\/www.europesays.com\/fr\/wp-content\/uploads\/2025\/11\/Sante-mentale-voici-pourquoi-les-idees-noires-apparaissent-toujours-la-nuit-apres-minuit-Ma-Sante-69.jpeg.webp\" data-lazy-srcset-webp=\"https:\/\/www.europesays.com\/fr\/wp-content\/uploads\/2025\/11\/Sante-mentale-voici-pourquoi-les-idees-noires-apparaissent-toujours-la-nuit-apres-minuit-Ma-Sante-69.jpeg.webp 696w, https:\/\/ma-sante.news\/wp-content\/uploads\/2025\/10\/Sante-mentale-voici-pourquoi-les-idees-noires-apparaissent-toujours-la-nuit-apres-minuit-Ma-Sante-300x200.jpg.webp 300w, https:\/\/ma-sante.news\/wp-content\/uploads\/2025\/10\/Sante-mentale-voici-pourquoi-les-idees-noires-apparaissent-toujours-la-nuit-apres-minuit-Ma-Sante-768x512.jpg.webp 768w, https:\/\/ma-sante.news\/wp-content\/uploads\/2025\/10\/Sante-mentale-voici-pourquoi-les-idees-noires-apparaissent-toujours-la-nuit-apres-minuit-Ma-Sante-630x420.jpg.webp 630w, https:\/\/ma-sante.news\/wp-content\/uploads\/2025\/10\/Sante-mentale-voici-pourquoi-les-idees-noires-apparaissent-toujours-la-nuit-apres-minuit-Ma-Sante.jpg.webp 800w\"\/><\/a>Le cerveau humain n\u2019est pas fait pour rester \u00e9veill\u00e9 la nuit. \u00a9 Freepik                                    \t\t\t             <a class=\"gofollow\" data-track=\"MjgsMCw2MA==\" href=\"https:\/\/ma-sante.news\/inscrivez-vous-a-notre-newsletter\/\" target=\"_blank\" rel=\"noopener\"><img loading=\"lazy\" decoding=\"async\" width=\"1068\" height=\"131\" src=\"data:image\/svg+xml,%3Csvg%20xmlns=\" http:=\"\" data-lazy-src=\"https:\/\/www.europesays.com\/fr\/wp-content\/uploads\/2025\/03\/banniere-newsletter.png\"\/><\/a> <\/p>\n<p>Minuit, c\u2019est souvent l\u2019heure o\u00f9 tout se calme\u2026 ou, pour certains, o\u00f9 tout s\u2019agite ! Les pens\u00e9es se font plus lourdes, <a href=\"https:\/\/ma-sante.news\/la-solitude-provoque-un-deces-toutes-les-36-secondes\/\" target=\"_blank\" rel=\"noopener\">la solitude plus pesante<\/a>, les \u00e9crans plus envahissants. Ce ph\u00e9nom\u00e8ne, longtemps observ\u00e9 mais rarement expliqu\u00e9, commence aujourd\u2019hui \u00e0 trouver des bases scientifiques.<\/p>\n<p>En 2022, une \u00e9quipe men\u00e9e par le neuroscientifique am\u00e9ricain Andrew Tubbs (Universit\u00e9 de l\u2019Arizona) a publi\u00e9 une \u00e9tude devenue r\u00e9f\u00e9rence : <a href=\"https:\/\/pubmed.ncbi.nlm.nih.gov\/35538929\/\" target=\"_blank\" rel=\"noreferrer noopener\">\u201cThe Mind After Midnight\u201d<\/a>, dans la revue Frontiers in Network Physiology. Selon eux, le cerveau humain n\u2019est pas con\u00e7u pour rester \u00e9veill\u00e9 la nuit.<\/p>\n<p>Pass\u00e9 un certain seuil, souvent situ\u00e9 entre minuit et deux heures du matin, <a href=\"https:\/\/ma-sante.news\/horloge-biologique-suivre-rythme-circadien-peut-changer-votre-sante\/\" target=\"_blank\" rel=\"noopener\">selon les cycles circadiens<\/a>, notre cerveau bascule dans un mode alt\u00e9r\u00e9. L\u2019attention se focalise sur le n\u00e9gatif, le contr\u00f4le rationnel s\u2019affaiblit, et le \u201cpetit v\u00e9lo dans la t\u00eate\u201d tourne \u00e0 plein r\u00e9gime. L\u2019\u00e9tude d\u00e9crit un v\u00e9ritable \u201d changement d\u2019\u00e9tat mental nocturne \u201c. Autrement dit, la nuit, les freins l\u00e2chent\u2026<\/p>\n<p>    La nuit, comment fonctionne le cerveau ?\u00a0    <strong>L\u2019\u00e9clairage des neurosciences : moins de contr\u00f4le, plus d\u2019\u00e9motion<\/strong>    <\/p>\n<p>Derri\u00e8re cette bascule, tout est une question de chimie c\u00e9r\u00e9brale. Durant la journ\u00e9e, la lumi\u00e8re, les interactions sociales, le mouvement stimulent les zones du cerveau responsables du jugement et de l\u2019\u00e9quilibre \u00e9motionnel, notamment le cortex pr\u00e9frontal. La nuit, ces r\u00e9gions l\u00e8vent le pied. Elles s\u2019\u00e9teignent progressivement pour <a href=\"https:\/\/ma-sante.news\/sommeil-bonnes-astuces-comment-dormir-plus-vite\/\" target=\"_blank\" rel=\"noopener\">pr\u00e9parer le sommeil<\/a>.<\/p>\n<p>Mais lorsque nous luttons contre cette horloge naturelle, que nous restons \u00e9veill\u00e9s devant un \u00e9cran ou en pleine r\u00e9flexion, le cerveau tente de fonctionner\u2026 en roue libre.<\/p>\n<p>Les chercheurs de l\u2019\u00e9quipe Tubbs ont observ\u00e9 que l\u2019amygdale, centre des \u00e9motions, devient alors hyperactive. En parall\u00e8le, le cortex pr\u00e9frontal, qui nous aide d\u2019ordinaire \u00e0 relativiser, s\u2019affaiblit. Alors, le n\u00e9gatif s\u2019impose.<\/p>\n<p>Ce d\u00e9s\u00e9quilibre explique pourquoi, tard le soir, les id\u00e9es noires semblent plus envahissantes. On dramatise, on rumine, on ressasse des d\u00e9tails anodins qu\u2019on relativiserait sans peine en plein jour.<\/p>\n<p>        <strong>Des nuits plus risqu\u00e9es qu\u2019on ne le croit<\/strong>    <\/p>\n<p>Cette d\u00e9r\u00e9gulation \u00e9motionnelle ne touche pas que l\u2019humeur. Elle influence aussi le comportement. Les \u00e9tudes montrent que les d\u00e9cisions prises la nuit sont souvent plus impulsives, plus risqu\u00e9es. <a href=\"https:\/\/ma-sante.news\/dette-de-sommeil-comment-rattraper-le-sommeil-perdu\/\" target=\"_blank\" rel=\"noopener\">Le manque de sommeil<\/a> et la d\u00e9sinhibition dopaminergique poussent \u00e0 la recherche de gratification imm\u00e9diate : un dernier verre, une cigarette, un message envoy\u00e9 qu\u2019on regrette au r\u00e9veil. Souvent de paire avec des soir\u00e9es bien arros\u00e9es, ces d\u00e9cisions peuvent pourtant \u00eatre prises par le simple fait de rester \u00e9veill\u00e9s au-del\u00e0<a href=\"https:\/\/ma-sante.news\/sommeil-combien-de-temps-doit-on-dormir\/\" target=\"_blank\" rel=\"noopener\"> des heures de sommeil pr\u00e9vues<\/a>.\u00a0<\/p>\n<p>Dans l\u2019\u00e9tude Frontiers in Network Physiology, les chercheurs rapportent <a href=\"https:\/\/ma-sante.news\/suicide-comment-detecter-les-signes-qui-alertent\/\" target=\"_blank\" rel=\"noopener\">un risque de passage \u00e0 l\u2019acte suicidaire <\/a>plus de quatre fois sup\u00e9rieur autour de 2 h du matin par rapport \u00e0 la moyenne des 24 heures, lorsqu\u2019on ajuste selon le nombre de personnes \u00e9veill\u00e9es. Cela ne veut pas dire que tous les couche-tard sont en danger. Mais cela rappelle que, dans ces heures suspendues, le cerveau est plus vuln\u00e9rable.<\/p>\n<p>        <strong>Les \u201coiseaux de nuit\u201d ne sont pas \u00e9pargn\u00e9s<\/strong>    <\/p>\n<p>On pourrait penser que tout d\u00e9pend du \u201cchronotype\u201d, c\u2019est-\u00e0-dire de notre pr\u00e9f\u00e9rence naturelle pour se coucher t\u00f4t ou tard. Mais une \u00e9tude de Stanford Medicine publi\u00e9e dans Psychiatry Research, men\u00e9e aupr\u00e8s de 73 888 adultes, a montr\u00e9 que m\u00eame les couche-tard convaincus pr\u00e9sentent davantage de troubles anxieux et d\u00e9pressifs que les l\u00e8ve-t\u00f4t, \u00e0 sommeil \u00e9gal.<\/p>\n<p>En clair, ce n\u2019est pas seulement la quantit\u00e9 de sommeil qui compte, mais le moment o\u00f9 il commence. L\u2019horloge interne, r\u00e9gl\u00e9e sur la lumi\u00e8re naturelle, a besoin d\u2019un minimum de coh\u00e9rence. Quand on la force \u00e0 tourner \u00e0 contre-courant, c\u2019est tout l\u2019\u00e9quilibre \u00e9motionnel qui s\u2019en ressent.<\/p>\n<p>        Sant\u00e9 mentale : en France, les nuits se raccourcissent\u00a0    <\/p>\n<p>Autre \u00e9l\u00e9ment \u00e0 prendre en compte, les rythmes de vie en fonction du pays. En France, <a href=\"https:\/\/ma-sante.news\/6-h-42-de-sommeil-par-nuit-pourquoi-les-francais-dorment-de-moins-en-moins\/\" target=\"_blank\" rel=\"noopener\">pr\u00e8s d\u2019un tiers des adultes dorment moins de 7 heures par nuit<\/a>, selon Sant\u00e9 publique France. <a href=\"https:\/\/ma-sante.news\/sante-au-travail-comment-bien-gerer-les-horaires-decales\/\" target=\"_blank\" rel=\"noopener\">Les rythmes d\u00e9cal\u00e9s<\/a>, <a href=\"https:\/\/ma-sante.news\/difficultes-a-endormir-comment-retrouver-un-bon-sommeil\/\" target=\"_blank\" rel=\"noopener\">les \u00e9crans<\/a>, le t\u00e9l\u00e9travail et<a href=\"https:\/\/ma-sante.news\/stress-chronique-pourquoi-votre-cerveau-reagit-encore-comme-a-lage-de-pierre\/\" target=\"_blank\" rel=\"noopener\"> le stress <\/a>contribuent \u00e0 ce que les Fran\u00e7ais se couchent en moyenne \u00e0 23 h 15 en semaine, et\u2026 beaucoup plus tard le week-end.<\/p>\n<p>Cette irr\u00e9gularit\u00e9 n\u2019est pas anodine. Selon l\u2019Inserm, \u00ab les d\u00e9calages chroniques entre sommeil de semaine et de week-end (jet lag social) sont associ\u00e9s \u00e0 des troubles m\u00e9taboliques et psychologiques \u00bb. Ces donn\u00e9es confirment que nos nuits ne sont pas seulement plus courtes. Elles sont d\u00e9synchronis\u00e9es, et donc potentiellement plus vuln\u00e9rables aux d\u00e9r\u00e8glements de l\u2019humeur.<\/p>\n<p>        Mais alors, pourquoi la nuit amplifie les pens\u00e9es sombres    <\/p>\n<p>Sur le plan psychologique, la nuit agit comme une loupe. Le silence, l\u2019absence de distractions et la fatigue cr\u00e9ent un terrain propice \u00e0 la rumination. Ce que la science ajoute aujourd\u2019hui, c\u2019est que cette amplification n\u2019est pas qu\u2019un effet de contexte, elle est physiologique.<\/p>\n<p>Le manque de lumi\u00e8re modifie la s\u00e9cr\u00e9tion de m\u00e9latonine, l\u2019hormone du sommeil. Tandis que le cerveau r\u00e9duit la production de s\u00e9rotonine, impliqu\u00e9e dans la r\u00e9gulation de l\u2019humeur. Alors, la nuit, l\u2019\u00e9quilibre neurochimique penche du c\u00f4t\u00e9 de la tristesse, de la nostalgie ou de <a href=\"https:\/\/ma-sante.news\/therapies-comportementales-cognitives-solution-anxiete-depression-phobies\/\" target=\"_blank\" rel=\"noopener\">l\u2019anxi\u00e9t\u00e9<\/a>. Cette p\u00e9riode devient donc, symboliquement et biologiquement, l\u2019heure o\u00f9 les id\u00e9es noires remontent.<\/p>\n<p>        Comment retrouver des nuits paisibles ?     <\/p>\n<p>Il ne s\u2019agit pas de diaboliser la nuit ni de pr\u00e9tendre qu\u2019il faudrait tous se coucher \u00e0 21 h. Mais les chercheurs insistent : respecter sa nuit, c\u2019est prot\u00e9ger son esprit. Autrement dit, <a href=\"https:\/\/ma-sante.news\/sommeil-et-si-on-ameliorait-enfin-la-qualite-de-vos-nuits\/\" target=\"_blank\" rel=\"noopener\">retrouver des horaires coh\u00e9rents, \u00e9teindre les \u00e9crans une heure avant de dormir, cr\u00e9er une atmosph\u00e8re apaisante et sombre, \u00e9viter les excitants<\/a>\u2026 Autant d\u2019ajustements qui peuvent pr\u00e9server votre sant\u00e9 mentale la nuit.\u00a0<\/p>\n<p>Et surtout, reconna\u00eetre que si les id\u00e9es noires s\u2019invitent r\u00e9guli\u00e8rement \u00e0 ces heures tardives, c\u2019est un signal biologique. Le cerveau r\u00e9clame lui aussi de de la s\u00e9r\u00e9nit\u00e9. Quelques conseils \u00e0 suivre pour aller vous coucher ce soir\u2026 \u00e0 t\u00eate repos\u00e9e ! <\/p>\n<blockquote class=\"wp-block-quote is-layout-flow wp-block-quote-is-layout-flow\">\n<p><strong>\u00c0 SAVOIR\u00a0<\/strong><\/p>\n<p>Selon une recherche men\u00e9e par l\u2019Institut national du sommeil et de la vigilance (INSV) et Sant\u00e9 publique France en 2023, pr\u00e8s de 45 % des Fran\u00e7ais d\u00e9clarent se coucher apr\u00e8s minuit au moins trois fois par semaine, souvent en raison d\u2019\u00e9crans ou de travail tardif. Ce rythme nocturne s\u2019accompagne d\u2019une hausse de 30 % des sympt\u00f4mes d\u00e9pressifs et anxieux chez les moins de 35 ans.<\/p>\n<\/blockquote>\n<p>  <a class=\"gofollow\" data-track=\"MTIsMCw2MA==\" href=\"https:\/\/ma-sante.news\/annonceurs\/\" target=\"_blank\" rel=\"noopener\"><img loading=\"lazy\" decoding=\"async\" width=\"2560\" height=\"2133\" src=\"data:image\/svg+xml,%3Csvg%20xmlns=\" http:=\"\" data-lazy-src=\"https:\/\/www.europesays.com\/fr\/wp-content\/uploads\/2025\/03\/pub-annonceurs-4-scaled.jpg\"\/><\/a>    <img loading=\"lazy\" decoding=\"async\" width=\"755\" height=\"495\" src=\"data:image\/svg+xml,%3Csvg%20xmlns=\" http:=\"\" data-lazy-src=\"https:\/\/www.europesays.com\/fr\/wp-content\/uploads\/2025\/03\/Image1.jpg\" data-lazy-src-webp=\"https:\/\/www.europesays.com\/fr\/wp-content\/uploads\/2025\/03\/Image1.jpg.webp\" class=\"ewww_webp_lazy_load\"\/>Inscrivez-vous \u00e0 notre newsletter <br \/>Ma Sant\u00e9                      <\/p>\n","protected":false},"excerpt":{"rendered":"Le cerveau humain n\u2019est pas fait pour rester \u00e9veill\u00e9 la nuit. \u00a9 Freepik Minuit, c\u2019est souvent l\u2019heure o\u00f9&hellip;\n","protected":false},"author":2,"featured_media":504460,"comment_status":"","ping_status":"","sticky":false,"template":"","format":"standard","meta":{"footnotes":""},"categories":[10],"tags":[231,1011,27,72,71,14041],"class_list":{"0":"post-504459","1":"post","2":"type-post","3":"status-publish","4":"format-standard","5":"has-post-thumbnail","7":"category-sante","8":"tag-cerveau","9":"tag-fr","10":"tag-france","11":"tag-health","12":"tag-sante","13":"tag-santu00e9-mentale"},"share_on_mastodon":{"url":"https:\/\/pubeurope.com\/@fr\/115474276332944511","error":""},"_links":{"self":[{"href":"https:\/\/www.europesays.com\/fr\/wp-json\/wp\/v2\/posts\/504459","targetHints":{"allow":["GET"]}}],"collection":[{"href":"https:\/\/www.europesays.com\/fr\/wp-json\/wp\/v2\/posts"}],"about":[{"href":"https:\/\/www.europesays.com\/fr\/wp-json\/wp\/v2\/types\/post"}],"author":[{"embeddable":true,"href":"https:\/\/www.europesays.com\/fr\/wp-json\/wp\/v2\/users\/2"}],"replies":[{"embeddable":true,"href":"https:\/\/www.europesays.com\/fr\/wp-json\/wp\/v2\/comments?post=504459"}],"version-history":[{"count":0,"href":"https:\/\/www.europesays.com\/fr\/wp-json\/wp\/v2\/posts\/504459\/revisions"}],"wp:featuredmedia":[{"embeddable":true,"href":"https:\/\/www.europesays.com\/fr\/wp-json\/wp\/v2\/media\/504460"}],"wp:attachment":[{"href":"https:\/\/www.europesays.com\/fr\/wp-json\/wp\/v2\/media?parent=504459"}],"wp:term":[{"taxonomy":"category","embeddable":true,"href":"https:\/\/www.europesays.com\/fr\/wp-json\/wp\/v2\/categories?post=504459"},{"taxonomy":"post_tag","embeddable":true,"href":"https:\/\/www.europesays.com\/fr\/wp-json\/wp\/v2\/tags?post=504459"}],"curies":[{"name":"wp","href":"https:\/\/api.w.org\/{rel}","templated":true}]}}