{"id":504463,"date":"2025-11-01T11:47:10","date_gmt":"2025-11-01T11:47:10","guid":{"rendered":"https:\/\/www.europesays.com\/fr\/504463\/"},"modified":"2025-11-01T11:47:10","modified_gmt":"2025-11-01T11:47:10","slug":"les-cinq-films-qui-ont-marque-la-carriere-de-lacteur-et-a-voir-absolument","status":"publish","type":"post","link":"https:\/\/www.europesays.com\/fr\/504463\/","title":{"rendered":"les cinq films qui ont marqu\u00e9 la carri\u00e8re de l&rsquo;acteur (et \u00e0 voir absolument)"},"content":{"rendered":"<p>            Par<br \/>\n        <strong><br \/>\n            <a href=\"https:\/\/actu.fr\/auteur\/anne-laure-petit-henon\" title=\"Consulter tous les articles de Anne-Laure Petit-H\u00e9non\" rel=\"nofollow noopener\" target=\"_blank\">Anne-Laure Petit-H\u00e9non<\/a><br \/>\n        <\/strong><\/p>\n<p>        Publi\u00e9 le<\/p>\n<p>            1 nov. 2025 \u00e0 10h28        <\/p>\n<p>Il \u00e9tait accoutum\u00e9 aux r\u00f4les de m\u00e9chants et avait un visage reconnaissable entre mille. <a href=\"https:\/\/actu.fr\/cinema\/belle-et-sebastien-nikita-l-ours-l-acteur-francais-tcheky-karyo-est-mort-il-avait-72-ans_63381498.html\" rel=\"nofollow noopener\" target=\"_blank\">Tch\u00e9ky Karyo est mort<\/a> vendredi 31 octobre 2025 des suites d\u2019un cancer \u00e0 l\u2019\u00e2ge de 72 ans, a annonc\u00e9 \u00e0 l\u2019AFP son agente Elisabeth Tanner.<\/p>\n<blockquote class=\"ac-article-quote wall-content\">\n<p>Val\u00e9rie Keruzor\u00e9, son \u00e9pouse, et leurs enfants ont la douleur de faire part de la disparition de Tch\u00e9ky Karyo emport\u00e9 par un cancer ce vendredi 31 octobre.<\/p>\n<p>    <strong>communiqu\u00e9 de sa famille transmis \u00e0 l&rsquo;AFP<\/strong>\n            <\/p><\/blockquote>\n<p class=\" wall-content\">Tch\u00e9ky Karyo a jou\u00e9 dans pr\u00e8s de <strong>80 films<\/strong>. Mais voici les cinq incontournables \u00e0 voir au moins une fois.<\/p>\n<p>\u00ab\u00a0L\u2019Ours\u00a0\u00bb de Jean-Jacques Annaud<\/p>\n<p class=\" wall-content\">N\u00e9 \u00e0 Istanbul en 1953, Tch\u00e9ky Karyo s\u2019\u00e9tait fait conna\u00eetre du grand public \u00e0 la fin des ann\u00e9es 1980 en tenant le premier r\u00f4le dans \u00ab\u00a0L\u2019Ours\u00a0\u00bb, grand succ\u00e8s en salles avec pr\u00e8s de neuf millions d\u2019entr\u00e9es, o\u00f9 il campait un <strong>chasseur<\/strong> de plantigrades pris de remords.<\/p>\n<p class=\" wall-content\">\n<p class=\" wall-content\">L\u2019histoire, sinon, c\u2019est quand un ourson, Youk, devient orphelin. Il trouve alors r\u00e9confort aupr\u00e8s d\u2019un ours adulte, Kodiak Kaar, apr\u00e8s une p\u00e9riode d\u2019errance. Mais celui-ci commence par repousser son jeune cong\u00e9n\u00e8re, avant d\u2019accepter de le prendre sous sa protection.\u00a0<\/p>\n<p>\u00ab\u00a0Nikita\u00a0\u00bb de Luc Besson<\/p>\n<p class=\" wall-content\">En 1990, le com\u00e9dien au regard per\u00e7ant et \u00e0 la m\u00e2choire carr\u00e9e avait encha\u00een\u00e9 avec un autre succ\u00e8s en jouant le r\u00f4le ambigu de<strong> l\u2019agent recruteur de \u00ab\u00a0Nikita\u00a0\u00bb,<\/strong> redoutable tueuse \u00e0 gages incarn\u00e9e par Anne Parillaud devant la cam\u00e9ra de Luc Besson.<\/p>\n<p>Votre r\u00e9gion, votre actu !<\/p>\n<p>Recevez chaque jour les infos qui comptent pour vous.<\/p>\n<p>\t<a href=\"https:\/\/actu.fr\/newsletter\" class=\"ac-btn ac-btn--corner ac-btn--medium ac-btn--blue800\" rel=\"nofollow noopener\" target=\"_blank\">S&rsquo;incrire<\/a><\/p>\n<p class=\" wall-content\">\n<p>\u00ab\u00a0Jeanne d\u2019Arc\u00a0\u00bb de Luc Besson<\/p>\n<p class=\" wall-content\">Tch\u00e9ky Karyo tournera plusieurs fois pour le r\u00e9alisateur fran\u00e7ais, notamment pour \u00ab\u00a0Jeanne d\u2019Arc\u00a0\u00bb en 1999 et dans une de ses productions <strong>\u00ab\u00a0Le baiser mortel du dragon\u00a0\u00bb<\/strong>, o\u00f9 il incarne un inspecteur de police corrompu.<\/p>\n<p class=\" wall-content\">Dans la fresque historique, il joue le chef militaire Jean de Dunois qui accompagne la Pucelle d\u2019Orl\u00e9ans, incarn\u00e9e par Mila Jovovich.<\/p>\n<p class=\" wall-content\">\n<p>\u00ab\u00a0La Balance\u00a0\u00bb de Bob Swain<\/p>\n<p class=\" wall-content\">Tch\u00e9ky Karyo avait \u00e9t\u00e9 nomm\u00e9 pour le C\u00e9sar du meilleur espoir masculin pour son r\u00f4le de Petrovic (un truand) dans le film \u00ab\u00a0La Balance\u00a0\u00bb du r\u00e9alisateur Bob Swain en 1983. C\u2019est la seule fois qu\u2019il sera nomm\u00e9 pour une telle r\u00e9compense.<\/p>\n<p class=\" wall-content\">\n<p class=\" wall-content\">Dans ce film, un indic\u2019 est tu\u00e9 et l\u2019inspecteur en chef interpr\u00e9t\u00e9 par <strong>Richard Berry<\/strong> doit en recruter un autre pour enqu\u00eater sur les agissements de Roger Massina.<\/p>\n<p>\u00ab\u00a0Le Fabuleux destin d\u2019Am\u00e9lie Poulain\u00a0\u00bb de Jean-Pierre Jeunet<\/p>\n<p class=\" wall-content\">Si Tch\u00e9ky Karyo est surtout connu pour des <strong>r\u00f4les de m\u00e9chants<\/strong> (comme dans GoldenEye ou Bad Boy\u00a0\u00bb) sa filmographie est assez \u00e9clectique et en 2001, l\u2019acteur obtient un des plus petits r\u00f4les du 7e art dans \u00ab\u00a0Le Fabuleux destin d\u2019Am\u00e9lie Poulain\u00a0\u00bb.<\/p>\n<p class=\" wall-content\">Et c\u2019est lui qui appara\u00eet sur une des photos d\u2019identit\u00e9 collectionn\u00e9es par un personnage.<\/p>\n<p class=\" wall-content\">\n<p class=\" wall-content\"><strong>Avec AFP.<\/strong>\u00a0<\/p>\n<p class=\" wall-content\">Personnalisez votre actualit\u00e9 en ajoutant vos villes et m\u00e9dias en favori avec <a href=\"https:\/\/moncompte.actu.fr\" title=\"D\u00e9couvez Mon Actu\" rel=\"nofollow noopener\" data-trk=\"{&quot;cta&quot;:{&quot;action&quot;:&quot;https:\\\/\\\/moncompte.actu.fr&quot;,&quot;category&quot;:&quot;mon compte&quot;,&quot;from&quot;:&quot;article footer&quot;,&quot;name&quot;:&quot;Mon actu&quot;,&quot;type&quot;:&quot;cta&quot;}}\" target=\"_blank\">Mon Actu<\/a>.<\/p>\n","protected":false},"excerpt":{"rendered":"Par Anne-Laure Petit-H\u00e9non Publi\u00e9 le 1 nov. 2025 \u00e0 10h28 Il \u00e9tait accoutum\u00e9 aux r\u00f4les de m\u00e9chants et&hellip;\n","protected":false},"author":2,"featured_media":504464,"comment_status":"","ping_status":"","sticky":false,"template":"","format":"standard","meta":{"footnotes":""},"categories":[8],"tags":[650,58,59,1011,27,1652,1391],"class_list":{"0":"post-504463","1":"post","2":"type-post","3":"status-publish","4":"format-standard","5":"has-post-thumbnail","7":"category-divertissement","8":"tag-cinema","9":"tag-divertissement","10":"tag-entertainment","11":"tag-fr","12":"tag-france","13":"tag-loisirs-culture","14":"tag-necrologie"},"share_on_mastodon":{"url":"https:\/\/pubeurope.com\/@fr\/115474284270939006","error":""},"_links":{"self":[{"href":"https:\/\/www.europesays.com\/fr\/wp-json\/wp\/v2\/posts\/504463","targetHints":{"allow":["GET"]}}],"collection":[{"href":"https:\/\/www.europesays.com\/fr\/wp-json\/wp\/v2\/posts"}],"about":[{"href":"https:\/\/www.europesays.com\/fr\/wp-json\/wp\/v2\/types\/post"}],"author":[{"embeddable":true,"href":"https:\/\/www.europesays.com\/fr\/wp-json\/wp\/v2\/users\/2"}],"replies":[{"embeddable":true,"href":"https:\/\/www.europesays.com\/fr\/wp-json\/wp\/v2\/comments?post=504463"}],"version-history":[{"count":0,"href":"https:\/\/www.europesays.com\/fr\/wp-json\/wp\/v2\/posts\/504463\/revisions"}],"wp:featuredmedia":[{"embeddable":true,"href":"https:\/\/www.europesays.com\/fr\/wp-json\/wp\/v2\/media\/504464"}],"wp:attachment":[{"href":"https:\/\/www.europesays.com\/fr\/wp-json\/wp\/v2\/media?parent=504463"}],"wp:term":[{"taxonomy":"category","embeddable":true,"href":"https:\/\/www.europesays.com\/fr\/wp-json\/wp\/v2\/categories?post=504463"},{"taxonomy":"post_tag","embeddable":true,"href":"https:\/\/www.europesays.com\/fr\/wp-json\/wp\/v2\/tags?post=504463"}],"curies":[{"name":"wp","href":"https:\/\/api.w.org\/{rel}","templated":true}]}}