{"id":504468,"date":"2025-11-01T11:50:11","date_gmt":"2025-11-01T11:50:11","guid":{"rendered":"https:\/\/www.europesays.com\/fr\/504468\/"},"modified":"2025-11-01T11:50:11","modified_gmt":"2025-11-01T11:50:11","slug":"les-trois-corps-rendus-vendredi-ne-sont-pas-ceux-dotages-selon-tsahal","status":"publish","type":"post","link":"https:\/\/www.europesays.com\/fr\/504468\/","title":{"rendered":"Les trois corps rendus vendredi ne sont pas ceux d\u2019otages, selon Tsahal"},"content":{"rendered":"<p>Vendredi soir, trois corps non identifi\u00e9s en provenance de Gaza ont \u00e9t\u00e9 remis aux <a href=\"https:\/\/www.20minutes.fr\/monde\/israel\/\" class=\"c-link c-link--is-underlined\" rel=\"nofollow noopener\" target=\"_blank\">autorit\u00e9s isra\u00e9liennes<\/a> par le <a href=\"https:\/\/www.20minutes.fr\/monde\/hamas\/\" class=\"c-link c-link--is-underlined\" rel=\"nofollow noopener\" target=\"_blank\">Hamas <\/a>via la Croix-Rouge dans le cadre de l\u2019accord de <a href=\"https:\/\/www.20minutes.fr\/monde\/cessez_le_feu\/\" class=\"c-link c-link--is-underlined\" rel=\"nofollow noopener\" target=\"_blank\">cessez-le-feu<\/a>. Mais ce samedi, un porte-parole de Tsahal a affirm\u00e9 qu\u2019il ne s\u2019agissait pas d\u2019otages d\u00e9tenus \u00e0 Gaza depuis le 7\u00a0octobre 2023.<\/p>\n<p>D\u00e8s vendredi soir, une source militaire avait d\u00e9j\u00e0 indiqu\u00e9, au moment de la remise des corps, qu\u2019elle ne pensait pas qu\u2019il s\u2019agissait de corps d\u2019otages. Une information qui a donc \u00e9t\u00e9 confirm\u00e9e officiellement ce samedi par Tsahal. Pour autant, cette m\u00eame source n\u2019a livr\u00e9 aucune information sur l\u2019identit\u00e9 possible de ces corps.<\/p>\n<p>Il resterait 11 corps \u00e0 restituer \u00e0 Isra\u00ebl<\/p>\n<p>Dans le cadre d\u2019un accord de tr\u00eave n\u00e9goci\u00e9 par les Etats-Unis avec Isra\u00ebl, le Hamas a d\u00e9j\u00e0 restitu\u00e9 les d\u00e9pouilles de 17 des 28 otages d\u00e9c\u00e9d\u00e9s. Parmi ces 17 corps restitu\u00e9s figurent ceux de 15 Isra\u00e9liens, d\u2019un Tha\u00eflandais et d\u2019un N\u00e9palais.<\/p>\n<\/p>\n<p>Conform\u00e9ment aux termes de l\u2019accord de cessez-le-feu, pour chaque Isra\u00e9lien rendu, Isra\u00ebl a remis 15 corps de Palestiniens d\u00e9c\u00e9d\u00e9s pendant la guerre, soit un total de 225 \u00e0 ce jour. Dix corps d\u2019otages du 7-Octobre seraient encore \u00e0 Gaza, ainsi que celui d\u2019un soldat mort durant la guerre en\u00a02014. Toutes les victimes sont des Isra\u00e9liens, sauf un Tanzanien et un Tha\u00eflandais.<\/p>\n<p>Des retards non tol\u00e9r\u00e9s par Isra\u00ebl<\/p>\n<p>Les retards successifs dans la remise des corps des otages ont provoqu\u00e9 la col\u00e8re du gouvernement isra\u00e9lien, qui a accus\u00e9 le Hamas de violer l\u2019accord de tr\u00eave. Les familles des otages ont exig\u00e9 des mesures plus s\u00e9v\u00e8res pour contraindre le groupe palestinien \u00e0 se conformer \u00e0 l\u2019accord.<\/p>\n<p><a href=\"https:\/\/www.20minutes.fr\/monde\/israel\/?page=2\" class=\"c-link c-btn c-btn--primary\" rel=\"nofollow noopener\" target=\"_blank\">Notre dossier sur la guerre Isra\u00ebl &#8211; Hamas<\/a><\/p>\n<p>A deux reprises depuis le 10\u00a0octobre, Isra\u00ebl a men\u00e9 des bombardements massifs sur Gaza en repr\u00e9sailles \u00e0 des tirs qui ont tu\u00e9 trois de ses soldats. Le 19 octobre, les bombardements isra\u00e9liens avaient fait au moins 45 morts et 104 personnes seraient mortes mardi, selon des sources palestiniennes. De son c\u00f4t\u00e9, le Hamas, qui d\u00e9ment avoir tir\u00e9 sur les soldats isra\u00e9liens, a accus\u00e9 Isra\u00ebl de violer le cessez-le-feu.<\/p>\n","protected":false},"excerpt":{"rendered":"Vendredi soir, trois corps non identifi\u00e9s en provenance de Gaza ont \u00e9t\u00e9 remis aux autorit\u00e9s isra\u00e9liennes par le&hellip;\n","protected":false},"author":2,"featured_media":504469,"comment_status":"","ping_status":"","sticky":false,"template":"","format":"standard","meta":{"footnotes":""},"categories":[5],"tags":[47,11,221,1011,27,665,3519,14,664,74,12,9367,3520,28],"class_list":{"0":"post-504468","1":"post","2":"type-post","3":"status-publish","4":"format-standard","5":"has-post-thumbnail","7":"category-international","8":"tag-actualite","9":"tag-actualites","10":"tag-cessez-le-feu","11":"tag-fr","12":"tag-france","13":"tag-gaza","14":"tag-hamas","15":"tag-international","16":"tag-israel","17":"tag-monde","18":"tag-news","19":"tag-otage","20":"tag-tsahal","21":"tag-world"},"share_on_mastodon":{"url":"https:\/\/pubeurope.com\/@fr\/115474295989042428","error":""},"_links":{"self":[{"href":"https:\/\/www.europesays.com\/fr\/wp-json\/wp\/v2\/posts\/504468","targetHints":{"allow":["GET"]}}],"collection":[{"href":"https:\/\/www.europesays.com\/fr\/wp-json\/wp\/v2\/posts"}],"about":[{"href":"https:\/\/www.europesays.com\/fr\/wp-json\/wp\/v2\/types\/post"}],"author":[{"embeddable":true,"href":"https:\/\/www.europesays.com\/fr\/wp-json\/wp\/v2\/users\/2"}],"replies":[{"embeddable":true,"href":"https:\/\/www.europesays.com\/fr\/wp-json\/wp\/v2\/comments?post=504468"}],"version-history":[{"count":0,"href":"https:\/\/www.europesays.com\/fr\/wp-json\/wp\/v2\/posts\/504468\/revisions"}],"wp:featuredmedia":[{"embeddable":true,"href":"https:\/\/www.europesays.com\/fr\/wp-json\/wp\/v2\/media\/504469"}],"wp:attachment":[{"href":"https:\/\/www.europesays.com\/fr\/wp-json\/wp\/v2\/media?parent=504468"}],"wp:term":[{"taxonomy":"category","embeddable":true,"href":"https:\/\/www.europesays.com\/fr\/wp-json\/wp\/v2\/categories?post=504468"},{"taxonomy":"post_tag","embeddable":true,"href":"https:\/\/www.europesays.com\/fr\/wp-json\/wp\/v2\/tags?post=504468"}],"curies":[{"name":"wp","href":"https:\/\/api.w.org\/{rel}","templated":true}]}}