{"id":504479,"date":"2025-11-01T11:59:25","date_gmt":"2025-11-01T11:59:25","guid":{"rendered":"https:\/\/www.europesays.com\/fr\/504479\/"},"modified":"2025-11-01T11:59:25","modified_gmt":"2025-11-01T11:59:25","slug":"les-lyonnais-affrontent-toulon-avec-lenvie-de-se-relancer","status":"publish","type":"post","link":"https:\/\/www.europesays.com\/fr\/504479\/","title":{"rendered":"les Lyonnais affrontent Toulon avec l\u2019envie de se relancer"},"content":{"rendered":"<p itemprop=\"description\"><strong>Pour ne pas retomber dans ses travers, le LOU doit vite rebondir face \u00e0 Toulon.\u00a0<\/strong><\/p>\n<p dir=\"ltr\">Le LOU Rugby a v\u00e9cu une semaine agit\u00e9e apr\u00e8s sa premi\u00e8re d\u00e9faite \u00e0 domicile de la saison, face \u00e0 La Rochelle. Un revers difficile \u00e0 encaisser pour une \u00e9quipe encore marqu\u00e9e par son irr\u00e9gularit\u00e9. Ce samedi, les hommes de Karim Ghezal se d\u00e9placent \u00e0 Toulon \u00e0 14h30 avec la volont\u00e9 de r\u00e9agir sur la pelouse mythique de Mayol.<\/p>\n<p dir=\"ltr\">\u00ab\u00a0C\u2019est un stade mythique, il y a une tr\u00e8s grosse \u00e9quipe qui est en forme cette saison. Donc c\u2019est bon, on va \u00eatre tr\u00e8s excit\u00e9s et on a h\u00e2te d\u2019y \u00eatre\u00a0\u00bb, a confi\u00e9 le troisi\u00e8me ligne lyonnais, Antoine Deliance.<\/p>\n<p dir=\"ltr\">Karim Ghezal, lui, attend un sursaut collectif apr\u00e8s avoir publiquement point\u00e9 du doigt le manque de constance de son groupe. \u00ab\u00a0C\u2019est un groupe qui donne des r\u00e9ponses sur le terrain. On a la qualit\u00e9, le staff, les infrastructures et les supporters pour. Mais il faut enrayer ce souci d\u2019inconstance. L\u2019ann\u00e9e derni\u00e8re, on a fait cinq matchs sans victoire, et je ne veux pas que \u00e7a recommence. J\u2019ai envoy\u00e9 des mots forts pour voir si j\u2019allais avoir du monde derri\u00e8re, et j\u2019ai eu des r\u00e9ponses cette semaine\u00a0\u00bb, a-t-il expliqu\u00e9.\u00a0<\/p>\n<p dir=\"ltr\">Le coach lyonnais a insist\u00e9 \u00e9galement sur la responsabilit\u00e9 de chacun avant ce d\u00e9placement : \u00ab\u00a0Les 23 joueurs qui vont prendre le maillot doivent savoir que ce maillot-l\u00e0, on l\u2019emprunte pendant 80 minutes et on le rend \u00e0 la fin du match. L\u2019engagement et l\u2019attitude, c\u2019est le minimum. L\u2019engagement qu\u2019on a mis samedi m\u2019a d\u00e9\u00e7u, et \u00e7a, je l\u2019ai d\u00e9j\u00e0 dit. Mais aujourd\u2019hui, les joueurs ont compris qu\u2019ils devaient porter cette responsabilit\u00e9\u00a0\u00bb.<\/p>\n<p dir=\"ltr\">Confiant dans les qualit\u00e9s de son effectif et le travail accompli depuis le d\u00e9but de la saison, Karim Ghezal garde foi en ses hommes : \u00ab\u00a0Les matchs sont tr\u00e8s durs pour tout le monde. Et voil\u00e0, moi je suis un demi-finaliste avec une \u00e9quipe qui est costaude\u00a0\u00bb.<\/p>\n<p dir=\"ltr\">Face \u00e0 Toulon, demi-finaliste du dernier Top 14 et toujours redoutable \u00e0 domicile, le LOU Rugby devra allier rigueur et engagement pour esp\u00e9rer se relancer.<\/p>\n","protected":false},"excerpt":{"rendered":"Pour ne pas retomber dans ses travers, le LOU doit vite rebondir face \u00e0 Toulon.\u00a0 Le LOU Rugby&hellip;\n","protected":false},"author":2,"featured_media":504480,"comment_status":"","ping_status":"","sticky":false,"template":"","format":"standard","meta":{"footnotes":""},"categories":[9619],"tags":[1111,11,2813,2190,1109,251,1112,2811,1777,674,118,1011,27,1922,1110,1114,2428,2810,12,241,316,882,25,2812,517,2310,800],"class_list":{"0":"post-504479","1":"post","2":"type-post","3":"status-publish","4":"format-standard","5":"has-post-thumbnail","7":"category-toulon","8":"tag-actu","9":"tag-actualites","10":"tag-article","11":"tag-asvel","12":"tag-breves","13":"tag-culture","14":"tag-depeches","15":"tag-economique","16":"tag-eu","17":"tag-europe","18":"tag-faits-divers","19":"tag-fr","20":"tag-france","21":"tag-info","22":"tag-informations","23":"tag-infos","24":"tag-lyon","25":"tag-lyonmag","26":"tag-news","27":"tag-ol","28":"tag-politique","29":"tag-provence-alpes-cote-dazur","30":"tag-republique-francaise","31":"tag-sociale","32":"tag-sport","33":"tag-toulon","34":"tag-transports"},"share_on_mastodon":{"url":"https:\/\/pubeurope.com\/@fr\/115474331398053155","error":""},"_links":{"self":[{"href":"https:\/\/www.europesays.com\/fr\/wp-json\/wp\/v2\/posts\/504479","targetHints":{"allow":["GET"]}}],"collection":[{"href":"https:\/\/www.europesays.com\/fr\/wp-json\/wp\/v2\/posts"}],"about":[{"href":"https:\/\/www.europesays.com\/fr\/wp-json\/wp\/v2\/types\/post"}],"author":[{"embeddable":true,"href":"https:\/\/www.europesays.com\/fr\/wp-json\/wp\/v2\/users\/2"}],"replies":[{"embeddable":true,"href":"https:\/\/www.europesays.com\/fr\/wp-json\/wp\/v2\/comments?post=504479"}],"version-history":[{"count":0,"href":"https:\/\/www.europesays.com\/fr\/wp-json\/wp\/v2\/posts\/504479\/revisions"}],"wp:featuredmedia":[{"embeddable":true,"href":"https:\/\/www.europesays.com\/fr\/wp-json\/wp\/v2\/media\/504480"}],"wp:attachment":[{"href":"https:\/\/www.europesays.com\/fr\/wp-json\/wp\/v2\/media?parent=504479"}],"wp:term":[{"taxonomy":"category","embeddable":true,"href":"https:\/\/www.europesays.com\/fr\/wp-json\/wp\/v2\/categories?post=504479"},{"taxonomy":"post_tag","embeddable":true,"href":"https:\/\/www.europesays.com\/fr\/wp-json\/wp\/v2\/tags?post=504479"}],"curies":[{"name":"wp","href":"https:\/\/api.w.org\/{rel}","templated":true}]}}