{"id":50448,"date":"2025-04-25T00:16:10","date_gmt":"2025-04-25T00:16:10","guid":{"rendered":"https:\/\/www.europesays.com\/fr\/50448\/"},"modified":"2025-04-25T00:16:10","modified_gmt":"2025-04-25T00:16:10","slug":"le-psg-saisit-luefa-a-cause-de-la-taille-du-parcage-a-arsenal-c1-demies-arsenal-psg","status":"publish","type":"post","link":"https:\/\/www.europesays.com\/fr\/50448\/","title":{"rendered":"Le PSG saisit l\u2019UEFA \u00e0 cause de la taille du parcage \u00e0 Arsenal &#8211; C1 &#8211; Demies &#8211; Arsenal-PSG"},"content":{"rendered":"<p>Bruno Retailleau et les pr\u00e9fets fran\u00e7ais risquent de demander la nationalit\u00e9 anglaise.<\/p>\n<p>Cette ann\u00e9e plus que jamais, les supporters du Paris Saint-Germain s\u2019offrent un tour de l\u2019Angleterre et comptent bien continuer \u00e0 ramener de bons souvenirs au moment de retraverser la Manche. Apr\u00e8s avoir visit\u00e9 les superbes villes de Liverpool et de Birmingham, <strong>les Parisiens vont retourner \u00e0 Londres<\/strong>, mardi prochain, pour affronter Arsenal en demi-finales de Ligue des champions. Ils y avaient d\u00e9j\u00e0 fait un tour, en octobre dernier, mais <a target=\"_blank\" href=\"https:\/\/www.sofoot.com\/articles\/ligue-des-champions-le-paris-saint-germain-rate-son-examen-danglais-a-arsenal\" rel=\"noopener nofollow\">s\u2019\u00e9taient alors fait corriger par les Gunners<\/a>.<\/p>\n<p>Des raisons de s\u00e9curit\u00e9<\/p>\n<p>Mais les ultras du PSG ne seront pas accueillis de la meilleure des mani\u00e8res. En effet, ce jeudi, le club anglais a indiqu\u00e9 \u00e0 celui de la capitale fran\u00e7aise que <strong>le parcage ne comptera que 2 500 supporters, au lieu de 3 000, comme lors de la phase de ligue<\/strong>. D\u2019apr\u00e8s <a target=\"_blank\" href=\"https:\/\/www.lequipe.fr\/Football\/Actualites\/Seulement-2500-places-allouees-par-arsenal-au-psg-qui-saisit-l-uefa\/1556739\" rel=\"noopener nofollow\">L\u2019\u00c9quipe<\/a>, les responsables britanniques ont assur\u00e9 que cette d\u00e9cision d\u00e9coulait de raisons s\u00e9curitaires. Ils mettent \u00e9galement en avant l\u2019organisation du marathon de Londres, pourtant plus de 48 heures avant le coup d\u2019envoi du match de Ligue des champions.<\/p>\n<p><strong>Le PSG a donc saisi l\u2019UEFA<\/strong> avec la volont\u00e9 d\u2019obtenir un parcage de 3 000 places. La r\u00e8gle veut que celui-ci fasse 5% de la capacit\u00e9 totale du stade, alors que l\u2019Emirates Stadium peut accueillir plus de 60 000 personnes. Pour l\u2019heure, les supporters parisiens n\u2019ont re\u00e7u un mail <a target=\"_blank\" href=\"https:\/\/www.sofoot.com\/breves\/ligue-des-champions-arsenal-na-pas-encore-ouvert-la-billetterie-pour-la-demi-finale-contre-le-psg\" rel=\"noopener nofollow\">que ce jeudi pour acheter leur billet<\/a>.<\/p>\n<p data-v-e14a34bc=\"\">J\u00e9r\u00e9my M\u00e9nez devra d\u2019ailleurs r\u00e9server sa place en parcage s\u2019il ne veut pas conna\u00eetre <a target=\"_blank\" href=\"https:\/\/www.sofoot.com\/breves\/jeremy-menez-et-des-francais-obliges-de-quitter-anfield-pendant-le-huitieme-de-finale-retour-de-ligue-des-champions\" rel=\"noopener nofollow\">la m\u00eame m\u00e9saventure qu\u2019\u00e0 Anfield<\/a>.<\/p>\n<p>\t\t\t\t\t\t\t\t\t\t<a class=\"lien-connexe\" href=\"https:\/\/www.sofoot.com\/breves\/ligue-des-champions-arsenal-na-pas-encore-ouvert-la-billetterie-pour-la-demi-finale-contre-le-psg\" rel=\"nofollow noopener\" target=\"_blank\">Arsenal n\u2019a toujours pas ouvert la billetterie pour les supporters du PSG<\/a>\t\t\t\t\t<\/p>\n","protected":false},"excerpt":{"rendered":"Bruno Retailleau et les pr\u00e9fets fran\u00e7ais risquent de demander la nationalit\u00e9 anglaise. Cette ann\u00e9e plus que jamais, les&hellip;\n","protected":false},"author":2,"featured_media":50449,"comment_status":"","ping_status":"","sticky":false,"template":"","format":"standard","meta":{"footnotes":""},"categories":[2],"tags":[47,11,61,69,65,64,63,1011,27,68,66,12,62,70,25,67],"class_list":{"0":"post-50448","1":"post","2":"type-post","3":"status-publish","4":"format-standard","5":"has-post-thumbnail","7":"category-actualites","8":"tag-actualite","9":"tag-actualites","10":"tag-actus-football","11":"tag-bundesliga","12":"tag-championnats-europeens","13":"tag-equipe-de-france","14":"tag-football","15":"tag-fr","16":"tag-france","17":"tag-ligua","18":"tag-ligue-1","19":"tag-news","20":"tag-news-foot","21":"tag-premier-league","22":"tag-republique-francaise","23":"tag-serie-a"},"share_on_mastodon":{"url":"https:\/\/pubeurope.com\/@fr\/114395728156075707","error":""},"_links":{"self":[{"href":"https:\/\/www.europesays.com\/fr\/wp-json\/wp\/v2\/posts\/50448","targetHints":{"allow":["GET"]}}],"collection":[{"href":"https:\/\/www.europesays.com\/fr\/wp-json\/wp\/v2\/posts"}],"about":[{"href":"https:\/\/www.europesays.com\/fr\/wp-json\/wp\/v2\/types\/post"}],"author":[{"embeddable":true,"href":"https:\/\/www.europesays.com\/fr\/wp-json\/wp\/v2\/users\/2"}],"replies":[{"embeddable":true,"href":"https:\/\/www.europesays.com\/fr\/wp-json\/wp\/v2\/comments?post=50448"}],"version-history":[{"count":0,"href":"https:\/\/www.europesays.com\/fr\/wp-json\/wp\/v2\/posts\/50448\/revisions"}],"wp:featuredmedia":[{"embeddable":true,"href":"https:\/\/www.europesays.com\/fr\/wp-json\/wp\/v2\/media\/50449"}],"wp:attachment":[{"href":"https:\/\/www.europesays.com\/fr\/wp-json\/wp\/v2\/media?parent=50448"}],"wp:term":[{"taxonomy":"category","embeddable":true,"href":"https:\/\/www.europesays.com\/fr\/wp-json\/wp\/v2\/categories?post=50448"},{"taxonomy":"post_tag","embeddable":true,"href":"https:\/\/www.europesays.com\/fr\/wp-json\/wp\/v2\/tags?post=50448"}],"curies":[{"name":"wp","href":"https:\/\/api.w.org\/{rel}","templated":true}]}}