{"id":504483,"date":"2025-11-01T12:01:09","date_gmt":"2025-11-01T12:01:09","guid":{"rendered":"https:\/\/www.europesays.com\/fr\/504483\/"},"modified":"2025-11-01T12:01:09","modified_gmt":"2025-11-01T12:01:09","slug":"enquete-de-police-et-appel-a-temoins-de-sa-famille","status":"publish","type":"post","link":"https:\/\/www.europesays.com\/fr\/504483\/","title":{"rendered":"enqu\u00eate de police et appel \u00e0 t\u00e9moins de sa famille"},"content":{"rendered":"<p>            Par<br \/>\n        <strong><br \/>\n            <a href=\"https:\/\/actu.fr\/auteur\/jm-aubert\" title=\"Consulter tous les articles de Jean-Marc Aubert\" rel=\"nofollow noopener\" target=\"_blank\">Jean-Marc Aubert<\/a><br \/>\n        <\/strong><\/p>\n<p>        Publi\u00e9 le<\/p>\n<p>            1 nov. 2025 \u00e0 12h56        <\/p>\n<p>La famille d\u2019un homme <strong>d\u00e9c\u00e9d\u00e9 \u00e0 v\u00e9lo<\/strong>, vendredi 10 octobre 2025, sur la piste cyclable du quartier de Figuerolles, \u00e0<strong> Montpellier<\/strong> lance un <strong>appel \u00e0 t\u00e9moins<\/strong>.<\/p>\n<p class=\" wall-content\">Que s\u2019est-il pass\u00e9 ce 10 octobre, entre 13h30 et 14h, sur un tron\u00e7on de la piste cyclable de la rue du faubourg Figuerolles ? Exactement au niveau du num\u00e9ro 27 de cette art\u00e8re, \u00e0 proximit\u00e9 de la rue Daru.<\/p>\n<p>    <a href=\"https:\/\/www.google.com\/maps\/embed?pb=!1m18!1m12!1m3!1d3307.074133788559!2d3.8640304758369544!3d43.60716657110439!2m3!1f0!2f0!3f0!3m2!1i1024!2i768!4f13.1!3m3!1m2!1s0x12b6afab3fea400d%3A0x1ab531b176f2251a!2s27%20Rue%20du%20Faubourg%20Figuerolles%2C%2034070%20Montpellier!5e0!3m2!1sfr!2sfr!4v1761995723672!5m2!1sfr!2sfr\" title=\"Ouvrie le lien\" rel=\"nofollow noopener\" target=\"_blank\">Cliquez ici pour visualiser le contenu<\/a><\/p>\n<p class=\" wall-content\">Une <strong>enqu\u00eate de police<\/strong> est en cours \u00e0 la brigade des accidents et des d\u00e9lits routiers du commissariat central, pour faire la lumi\u00e8re sur le d\u00e9c\u00e8s de cet homme qui roulait tranquillement \u00e0 v\u00e9lo. Sa famille veut \u00e9galement comprendre.<\/p>\n<p class=\" wall-content\">Une chute accidentelle est privil\u00e9gi\u00e9e au stade actuel des investigations, mais la fille de la victime, Esp\u00e9rance Belkacem lance un appel \u00e0 t\u00e9moins, car les circonstances restent ind\u00e9termin\u00e9es. Quand les sapeurs-pompiers du<strong> Sdis 34<\/strong> sont intervenus, le cycliste se trouvait dans un \u00e9tat tr\u00e8s grave. Il \u00e9tait transport\u00e9 en urgence au d\u00e9partement anesth\u00e9sie r\u00e9animation -DAR A- au <strong>CHU de Montpellier,<\/strong> o\u00f9 il succombait \u00e0 ses blessures.<\/p>\n<p>Vid\u00e9os : en ce moment sur Actu<\/p>\n<p class=\" wall-content\">Il n\u2019y aurait eu aucun t\u00e9moin direct de l\u2019accident : est-il tomb\u00e9 seul en tapant dans la bordure ciment\u00e9e s\u00e9parant la piste de la rue ? \u00c0 t-il \u00e9t\u00e9 g\u00ean\u00e9, voire heurt\u00e9 involontairement par un v\u00e9hicule, un autre cycliste ou un pi\u00e9ton ? Myst\u00e8re. La victime a \u00e9t\u00e9 secourue \u00e0 proximit\u00e9 de commerces, dont une boulangerie, dans cette rue tr\u00e8s fr\u00e9quent\u00e9e \u00e0 cette heure de la journ\u00e9e. Par ailleurs, des <strong>cam\u00e9ras de vid\u00e9o-protection<\/strong> de la Ville de Montpellier et de vid\u00e9osurveillance de commerces sont install\u00e9es. C\u2019est ce qui convainc la famille \u00e0 lancer cet appel \u00e0 t\u00e9moins sur les r\u00e9seaux sociaux.<\/p>\n<p>&gt; Si vous avez \u00e9t\u00e9 t\u00e9moin ou si vous d\u00e9tenez une information sur cet accident \u00e9crivez sur cette page Facebook\u00a0<a href=\"https:\/\/www.facebook.com\/groups\/876210065745142\/permalink\/25645308348408637\/?rdid=kfpPtzhbZYch0a8b\" rel=\"nofollow noopener\" target=\"_blank\">https:\/\/www.facebook.com\/groups\/876210065745142\/permalink\/25645308348408637\/?rdid=kfpPtzhbZYch0a8b<\/a><\/p>\n<p class=\" wall-content\">Personnalisez votre actualit\u00e9 en ajoutant vos villes et m\u00e9dias en favori avec <a href=\"https:\/\/moncompte.actu.fr\" title=\"D\u00e9couvez Mon Actu\" rel=\"nofollow noopener\" data-trk=\"{&quot;cta&quot;:{&quot;action&quot;:&quot;https:\\\/\\\/moncompte.actu.fr&quot;,&quot;category&quot;:&quot;mon compte&quot;,&quot;from&quot;:&quot;article footer&quot;,&quot;name&quot;:&quot;Mon actu&quot;,&quot;type&quot;:&quot;cta&quot;}}\" target=\"_blank\">Mon Actu<\/a>.<\/p>\n","protected":false},"excerpt":{"rendered":"Par Jean-Marc Aubert Publi\u00e9 le 1 nov. 2025 \u00e0 12h56 La famille d\u2019un homme d\u00e9c\u00e9d\u00e9 \u00e0 v\u00e9lo, vendredi&hellip;\n","protected":false},"author":2,"featured_media":504484,"comment_status":"","ping_status":"","sticky":false,"template":"","format":"standard","meta":{"footnotes":""},"categories":[9599],"tags":[1111,11,1777,674,118,1011,27,2208,12,2680,1072,25,208],"class_list":{"0":"post-504483","1":"post","2":"type-post","3":"status-publish","4":"format-standard","5":"has-post-thumbnail","7":"category-montpellier","8":"tag-actu","9":"tag-actualites","10":"tag-eu","11":"tag-europe","12":"tag-faits-divers","13":"tag-fr","14":"tag-france","15":"tag-montpellier","16":"tag-news","17":"tag-occitanie","18":"tag-police","19":"tag-republique-francaise","20":"tag-velo"},"share_on_mastodon":{"url":"https:\/\/pubeurope.com\/@fr\/115474339213420649","error":""},"_links":{"self":[{"href":"https:\/\/www.europesays.com\/fr\/wp-json\/wp\/v2\/posts\/504483","targetHints":{"allow":["GET"]}}],"collection":[{"href":"https:\/\/www.europesays.com\/fr\/wp-json\/wp\/v2\/posts"}],"about":[{"href":"https:\/\/www.europesays.com\/fr\/wp-json\/wp\/v2\/types\/post"}],"author":[{"embeddable":true,"href":"https:\/\/www.europesays.com\/fr\/wp-json\/wp\/v2\/users\/2"}],"replies":[{"embeddable":true,"href":"https:\/\/www.europesays.com\/fr\/wp-json\/wp\/v2\/comments?post=504483"}],"version-history":[{"count":0,"href":"https:\/\/www.europesays.com\/fr\/wp-json\/wp\/v2\/posts\/504483\/revisions"}],"wp:featuredmedia":[{"embeddable":true,"href":"https:\/\/www.europesays.com\/fr\/wp-json\/wp\/v2\/media\/504484"}],"wp:attachment":[{"href":"https:\/\/www.europesays.com\/fr\/wp-json\/wp\/v2\/media?parent=504483"}],"wp:term":[{"taxonomy":"category","embeddable":true,"href":"https:\/\/www.europesays.com\/fr\/wp-json\/wp\/v2\/categories?post=504483"},{"taxonomy":"post_tag","embeddable":true,"href":"https:\/\/www.europesays.com\/fr\/wp-json\/wp\/v2\/tags?post=504483"}],"curies":[{"name":"wp","href":"https:\/\/api.w.org\/{rel}","templated":true}]}}