{"id":504487,"date":"2025-11-01T12:06:24","date_gmt":"2025-11-01T12:06:24","guid":{"rendered":"https:\/\/www.europesays.com\/fr\/504487\/"},"modified":"2025-11-01T12:06:24","modified_gmt":"2025-11-01T12:06:24","slug":"pronostic-amiens-sc-grenoble-foot-ligue-2","status":"publish","type":"post","link":"https:\/\/www.europesays.com\/fr\/504487\/","title":{"rendered":"Pronostic Amiens SC Grenoble Foot &#8211; Ligue 2"},"content":{"rendered":"<p class=\"text-xs leading-5 text-gray-400 mb-2\">\n                        Publi\u00e9 le 31\/10\/2025 23:06<br \/>\n                        \u00a0par<br \/>\n                                                            <a href=\"https:\/\/www.sportytrader.com\/auteur\/steeven-occhipinti-1\/\" target=\"_blank\" rel=\"noopener\">Steeven Occhipinti<\/a><\/p>\n<p>                                                                                                            dans<br \/>\n                                <a data-trans=\"tips.published.competition %competition%\" href=\"https:\/\/www.sportytrader.com\/pronostics\/football\/france\/ligue-2-124\/\" target=\"_blank\" rel=\"noopener\"><br \/>\n                                    Pronostic Ligue 2<br \/>\n                                <\/a><\/p>\n<p style=\"text-align: justify;\">La 13e journ\u00e9e de la Ligue 2 se poursuit ce samedi \u00e0 14h00 avec cette affiche entre l&rsquo;Amiens SC et le Grenoble Foot 38, au Stade de la Licorne. Le club ami\u00e9nois en aura mis du temps \u00e0 aller chercher sa premi\u00e8re victoire devant ses fans. Il a d\u00fb attendre sa 6e r\u00e9ception de la saison, le week-end dernier, pour l&#8217;emporter contre le Rodez AF (2-1). Certes, l&rsquo;\u00e9quipe d&rsquo;Omar Daf est tomb\u00e9e quelques jours plus tard sur la pelouse de l&rsquo;ES Troyes AC (3-1). C&rsquo;est toutefois le leader du classement. L&rsquo;Amiens SC se trouve lui \u00e0 la 11e place de la Ligue 2. Il aura l&rsquo;intention de s&rsquo;offrir un deuxi\u00e8me succ\u00e8s de suite au Stade de la Licorne.<\/p>\n<p style=\"text-align: justify;\">Le GF38 n&rsquo;est pas au mieux dans cette premi\u00e8re partie de saison. Il n&rsquo;est pas tr\u00e8s loin de la zone rouge, puisqu&rsquo;il est \u00e0 la 15e position. Le club grenoblois n&rsquo;a d&rsquo;ailleurs pas r\u00e9ussi \u00e0 l&#8217;emporter lors de ses 3 pr\u00e9c\u00e9dentes journ\u00e9es. Les hommes de\u00a0Franck Rizzetto pourraient avoir du mal \u00e0 se rassurer en d\u00e9placement. Il faut savoir qu&rsquo;ils ont d\u00e9j\u00e0 perdu 4 fois en seulement 6 journ\u00e9es \u00e0 l&rsquo;ext\u00e9rieur. Une s\u00e9rie compliqu\u00e9e au moment d&rsquo;aller jouer \u00e0 Amiens. Les locaux auront de quoi faire parler leur statut et frapper un gros coup.<\/p>\n","protected":false},"excerpt":{"rendered":"Publi\u00e9 le 31\/10\/2025 23:06 \u00a0par Steeven Occhipinti dans Pronostic Ligue 2 La 13e journ\u00e9e de la Ligue 2&hellip;\n","protected":false},"author":2,"featured_media":504488,"comment_status":"","ping_status":"","sticky":false,"template":"","format":"standard","meta":{"footnotes":""},"categories":[9566],"tags":[1111,11,40798,2430,1777,674,1011,27,2731,11705,446,12,1817,1821,25],"class_list":{"0":"post-504487","1":"post","2":"type-post","3":"status-publish","4":"format-standard","5":"has-post-thumbnail","7":"category-grenoble","8":"tag-actu","9":"tag-actualites","10":"tag-amiens-sc","11":"tag-auvergne-rhone-alpes","12":"tag-eu","13":"tag-europe","14":"tag-fr","15":"tag-france","16":"tag-grenoble","17":"tag-grenoble-foot","18":"tag-ligue-2","19":"tag-news","20":"tag-pronostic","21":"tag-pronostics","22":"tag-republique-francaise"},"share_on_mastodon":{"url":"https:\/\/pubeurope.com\/@fr\/115474358901406881","error":""},"_links":{"self":[{"href":"https:\/\/www.europesays.com\/fr\/wp-json\/wp\/v2\/posts\/504487","targetHints":{"allow":["GET"]}}],"collection":[{"href":"https:\/\/www.europesays.com\/fr\/wp-json\/wp\/v2\/posts"}],"about":[{"href":"https:\/\/www.europesays.com\/fr\/wp-json\/wp\/v2\/types\/post"}],"author":[{"embeddable":true,"href":"https:\/\/www.europesays.com\/fr\/wp-json\/wp\/v2\/users\/2"}],"replies":[{"embeddable":true,"href":"https:\/\/www.europesays.com\/fr\/wp-json\/wp\/v2\/comments?post=504487"}],"version-history":[{"count":0,"href":"https:\/\/www.europesays.com\/fr\/wp-json\/wp\/v2\/posts\/504487\/revisions"}],"wp:featuredmedia":[{"embeddable":true,"href":"https:\/\/www.europesays.com\/fr\/wp-json\/wp\/v2\/media\/504488"}],"wp:attachment":[{"href":"https:\/\/www.europesays.com\/fr\/wp-json\/wp\/v2\/media?parent=504487"}],"wp:term":[{"taxonomy":"category","embeddable":true,"href":"https:\/\/www.europesays.com\/fr\/wp-json\/wp\/v2\/categories?post=504487"},{"taxonomy":"post_tag","embeddable":true,"href":"https:\/\/www.europesays.com\/fr\/wp-json\/wp\/v2\/tags?post=504487"}],"curies":[{"name":"wp","href":"https:\/\/api.w.org\/{rel}","templated":true}]}}