{"id":504490,"date":"2025-11-01T12:08:58","date_gmt":"2025-11-01T12:08:58","guid":{"rendered":"https:\/\/www.europesays.com\/fr\/504490\/"},"modified":"2025-11-01T12:08:58","modified_gmt":"2025-11-01T12:08:58","slug":"incendie-dans-le-centre-de-rennes-trois-appartements-endommages-par-le-feu-video","status":"publish","type":"post","link":"https:\/\/www.europesays.com\/fr\/504490\/","title":{"rendered":"Incendie dans le centre de Rennes\u00a0: trois appartements endommag\u00e9s par le feu [Vid\u00e9o]"},"content":{"rendered":"<p>Il faisait encore nuit quand le feu s\u2019est d\u00e9clar\u00e9 dans cet immeuble, \u00e0 l\u2019angle de la place Pasteur, dans le centre-ville de Rennes. <a href=\"https:\/\/www.letelegramme.fr\/ille-et-vilaine\/rennes-35000\/pres-de-la-gare-a-rennes-deux-vehicules-et-un-immeuble-de-bureaux-devastes-par-un-incendie-6901299.php\" target=\"_blank\" rel=\"noopener\">Un incendie s\u2019est d\u00e9clar\u00e9<\/a> au dernier \u00e9tage de l\u2019appartement, vers 5 h 30, ce vendredi matin. Si le feu n\u2019a fait aucun bless\u00e9, trois appartements du dernier \u00e9tage, tous des duplex, ont \u00e9t\u00e9 touch\u00e9s par les flammes. Les habitants de l\u2019immeuble sont sortis par leurs propres moyens avant l\u2019arriv\u00e9e des secours.<\/p>\n<p>Les causes \u00e0 l\u2019origine de cet incendie ne sont toujours pas connues. Une \u00e9quipe de la cellule de recherche des causes et circonstances des incendies (RCCI) s\u2019est rendue sur place pour effectuer des relev\u00e9s et d\u00e9terminer ce qui a pu d\u00e9clencher le feu.<\/p>\n<p><img decoding=\"async\" src=\"https:\/\/www.europesays.com\/fr\/wp-content\/uploads\/2025\/11\/6904d44a4b912952d90acca2.1.jpeg\" width=\"480\" height=\"300\" class=\"web_golden_m\" loading=\"lazy\" alt=\"Il \u00e9tait 5\u00a0h\u00a030 du matin, ce vendredi 31\u00a0octobre 2025, quand un incendie s\u2019est d\u00e9clar\u00e9 place Pasteur, \u00e0 Rennes.\"\/>Il \u00e9tait 5\u00a0h\u00a030 du matin, ce vendredi 31\u00a0octobre 2025, quand un incendie s\u2019est d\u00e9clar\u00e9 place Pasteur, \u00e0 Rennes. (Sdis 35)La circulation r\u00e9tablie<\/p>\n<p>Quatre-vingt-dix sapeurs-pompiers ont \u00e9t\u00e9 mobilis\u00e9s sur cet incendie. Si celui-ci \u00e9tait circonscrit \u00e0 9 h, ce vendredi matin, les soldats du feu ont \u00e9t\u00e9 mobilis\u00e9s toute la matin\u00e9e, notamment pour d\u00e9garnir la toiture qui a perc\u00e9. Ils ont d\u00fb ensuite enlever les ardoises pour constater les d\u00e9g\u00e2ts sur la charpente car le feu s\u2019est propag\u00e9 dans les combles.<\/p>\n<p>En attendant la fin de l\u2019intervention, un important p\u00e9rim\u00e8tre de s\u00e9curit\u00e9 avait \u00e9t\u00e9 mis en place. La circulation sur les quais Chateaubriand et Dujardin a \u00e9t\u00e9 r\u00e9tablie \u00e0 13 h.<\/p>\n","protected":false},"excerpt":{"rendered":"Il faisait encore nuit quand le feu s\u2019est d\u00e9clar\u00e9 dans cet immeuble, \u00e0 l\u2019angle de la place Pasteur,&hellip;\n","protected":false},"author":2,"featured_media":504491,"comment_status":"","ping_status":"","sticky":false,"template":"","format":"standard","meta":{"footnotes":""},"categories":[2821],"tags":[1111,11,829,765,1777,674,118,3383,1011,27,848,5383,12,584,25,2955],"class_list":{"0":"post-504490","1":"post","2":"type-post","3":"status-publish","4":"format-standard","5":"has-post-thumbnail","7":"category-rennes","8":"tag-actu","9":"tag-actualites","10":"tag-bretagne","11":"tag-en-continu","12":"tag-eu","13":"tag-europe","14":"tag-faits-divers","15":"tag-faits-divers-a-rennes","16":"tag-fr","17":"tag-france","18":"tag-ille-et-vilaine","19":"tag-incendies","20":"tag-news","21":"tag-rennes","22":"tag-republique-francaise","23":"tag-videos"},"share_on_mastodon":{"url":"https:\/\/pubeurope.com\/@fr\/115474371371819121","error":""},"_links":{"self":[{"href":"https:\/\/www.europesays.com\/fr\/wp-json\/wp\/v2\/posts\/504490","targetHints":{"allow":["GET"]}}],"collection":[{"href":"https:\/\/www.europesays.com\/fr\/wp-json\/wp\/v2\/posts"}],"about":[{"href":"https:\/\/www.europesays.com\/fr\/wp-json\/wp\/v2\/types\/post"}],"author":[{"embeddable":true,"href":"https:\/\/www.europesays.com\/fr\/wp-json\/wp\/v2\/users\/2"}],"replies":[{"embeddable":true,"href":"https:\/\/www.europesays.com\/fr\/wp-json\/wp\/v2\/comments?post=504490"}],"version-history":[{"count":0,"href":"https:\/\/www.europesays.com\/fr\/wp-json\/wp\/v2\/posts\/504490\/revisions"}],"wp:featuredmedia":[{"embeddable":true,"href":"https:\/\/www.europesays.com\/fr\/wp-json\/wp\/v2\/media\/504491"}],"wp:attachment":[{"href":"https:\/\/www.europesays.com\/fr\/wp-json\/wp\/v2\/media?parent=504490"}],"wp:term":[{"taxonomy":"category","embeddable":true,"href":"https:\/\/www.europesays.com\/fr\/wp-json\/wp\/v2\/categories?post=504490"},{"taxonomy":"post_tag","embeddable":true,"href":"https:\/\/www.europesays.com\/fr\/wp-json\/wp\/v2\/tags?post=504490"}],"curies":[{"name":"wp","href":"https:\/\/api.w.org\/{rel}","templated":true}]}}