{"id":504504,"date":"2025-11-01T12:18:13","date_gmt":"2025-11-01T12:18:13","guid":{"rendered":"https:\/\/www.europesays.com\/fr\/504504\/"},"modified":"2025-11-01T12:18:13","modified_gmt":"2025-11-01T12:18:13","slug":"ce-restaurant-adore-a-bordeaux-lance-son-brunch-a-volonte-avec-un-buffet-xxl","status":"publish","type":"post","link":"https:\/\/www.europesays.com\/fr\/504504\/","title":{"rendered":"Ce restaurant ador\u00e9 \u00e0 Bordeaux lance son brunch \u00e0 volont\u00e9 avec un buffet XXL"},"content":{"rendered":"<p>            Par<br \/>\n        <strong><br \/>\n            <a href=\"https:\/\/actu.fr\/auteur\/julian-doubax\" title=\"Consulter tous les articles de Julian Doubax\" target=\"_blank\" rel=\"noopener\">Julian Doubax<\/a><br \/>\n        <\/strong><\/p>\n<p>        Publi\u00e9 le<\/p>\n<p>            1 nov. 2025 \u00e0 11h32        <\/p>\n<p>Une bonne nouvelle pour les gourmands. Depuis le 28 septembre 2025, le restaurant italien <a href=\"https:\/\/actu.fr\/nouvelle-aquitaine\/bordeaux_33063\/cuisine-italienne-big-mamma-le-roi-de-la-pizza-ouvre-le-restaurant-palatino-a-bordeaux_39516230.html\" target=\"_blank\" rel=\"noopener\">Osteria Palatino<\/a>, situ\u00e9 dans la rue de la Merci \u00e0 Bordeaux, propose une <strong>formule brunch \u00e0 volont\u00e9<\/strong> chaque dimanche.\u00a0<\/p>\n<p class=\" wall-content\">De 12h \u00e0 16h, les clients peuvent venir tester le buffet \u00ab\u00a0100% fait maison\u00a0\u00bb indique l\u2019enseigne <a href=\"https:\/\/actu.fr\/nouvelle-aquitaine\/bordeaux_33063\/ces-dix-restaurants-sont-les-meilleurs-de-bordeaux-selon-un-classement-recent_62993031.html\" target=\"_blank\" rel=\"noopener\">ador\u00e9 par les Bordelais<\/a>. Au menu, on peut retrouver<strong> divers choix<\/strong> : charcuteries, buffala cr\u00e9meuse, arancini, salades, lasagnes, p\u00e2tes \u00e0 la truffe et bien d\u2019autres saveurs italiennes. Des bars \u00e0 tiramisu et \u00e0 spritz sont \u00e9galement pr\u00e9sents. Outre le buffet, des DJ sets sont organis\u00e9s et une garderie d\u2019enfants est mise en place par le restaurant du groupe Bigmamma.<\/p>\n<p class=\" wall-content\">Pour s\u2019y rendre, il faudra d\u00e9bourser <strong>39 euros par personne<\/strong>, 15 euros pour les enfants de moins de 12 ans et c\u2019est gratuit pour ceux de moins de 3 ans.\u00a0<\/p>\n<p>Osteria Palatino<br \/>8 rue de la Merci, 33000 Bordeaux<br \/>Ouvert tous les jours<br \/>Sur place ou \u00e0 emporter<\/p>\n<p class=\" wall-content\">Personnalisez votre actualit\u00e9 en ajoutant vos villes et m\u00e9dias en favori avec <a href=\"https:\/\/moncompte.actu.fr\" title=\"D\u00e9couvez Mon Actu\" rel=\"nofollow noopener\" data-trk=\"{&quot;cta&quot;:{&quot;action&quot;:&quot;https:\\\/\\\/moncompte.actu.fr&quot;,&quot;category&quot;:&quot;mon compte&quot;,&quot;from&quot;:&quot;article footer&quot;,&quot;name&quot;:&quot;Mon actu&quot;,&quot;type&quot;:&quot;cta&quot;}}\" target=\"_blank\">Mon Actu<\/a>.<\/p>\n","protected":false},"excerpt":{"rendered":"Par Julian Doubax Publi\u00e9 le 1 nov. 2025 \u00e0 11h32 Une bonne nouvelle pour les gourmands. Depuis le&hellip;\n","protected":false},"author":2,"featured_media":293516,"comment_status":"","ping_status":"","sticky":false,"template":"","format":"standard","meta":{"footnotes":""},"categories":[2817],"tags":[1111,11,1997,1777,674,1011,27,1661,12,2219,25,1340,104],"class_list":{"0":"post-504504","1":"post","2":"type-post","3":"status-publish","4":"format-standard","5":"has-post-thumbnail","7":"category-bordeaux","8":"tag-actu","9":"tag-actualites","10":"tag-bordeaux","11":"tag-eu","12":"tag-europe","13":"tag-fr","14":"tag-france","15":"tag-gastronomie","16":"tag-news","17":"tag-nouvelle-aquitaine","18":"tag-republique-francaise","19":"tag-restaurant","20":"tag-societe"},"share_on_mastodon":{"url":"https:\/\/pubeurope.com\/@fr\/115474406080728158","error":""},"_links":{"self":[{"href":"https:\/\/www.europesays.com\/fr\/wp-json\/wp\/v2\/posts\/504504","targetHints":{"allow":["GET"]}}],"collection":[{"href":"https:\/\/www.europesays.com\/fr\/wp-json\/wp\/v2\/posts"}],"about":[{"href":"https:\/\/www.europesays.com\/fr\/wp-json\/wp\/v2\/types\/post"}],"author":[{"embeddable":true,"href":"https:\/\/www.europesays.com\/fr\/wp-json\/wp\/v2\/users\/2"}],"replies":[{"embeddable":true,"href":"https:\/\/www.europesays.com\/fr\/wp-json\/wp\/v2\/comments?post=504504"}],"version-history":[{"count":0,"href":"https:\/\/www.europesays.com\/fr\/wp-json\/wp\/v2\/posts\/504504\/revisions"}],"wp:featuredmedia":[{"embeddable":true,"href":"https:\/\/www.europesays.com\/fr\/wp-json\/wp\/v2\/media\/293516"}],"wp:attachment":[{"href":"https:\/\/www.europesays.com\/fr\/wp-json\/wp\/v2\/media?parent=504504"}],"wp:term":[{"taxonomy":"category","embeddable":true,"href":"https:\/\/www.europesays.com\/fr\/wp-json\/wp\/v2\/categories?post=504504"},{"taxonomy":"post_tag","embeddable":true,"href":"https:\/\/www.europesays.com\/fr\/wp-json\/wp\/v2\/tags?post=504504"}],"curies":[{"name":"wp","href":"https:\/\/api.w.org\/{rel}","templated":true}]}}