{"id":504513,"date":"2025-11-01T12:24:21","date_gmt":"2025-11-01T12:24:21","guid":{"rendered":"https:\/\/www.europesays.com\/fr\/504513\/"},"modified":"2025-11-01T12:24:21","modified_gmt":"2025-11-01T12:24:21","slug":"marseille-roberto-de-zerbi-a-identifie-le-point-noir-de-son-equipe-pour-se-relancer","status":"publish","type":"post","link":"https:\/\/www.europesays.com\/fr\/504513\/","title":{"rendered":"Marseille\u00a0: Roberto De Zerbi a identifi\u00e9 \u00ab\u00a0le point noir\u00a0\u00bb de son \u00e9quipe pour se relancer"},"content":{"rendered":"<p class=\"app_entry_lead\">\n<p>                    <a title=\"\u00a0\u00a9\u00a0PITTORE\/NEIRDAPROD\/SIPA (publi\u00e9e le 31\/10\/2025)\" href=\"https:\/\/www.europesays.com\/fr\/wp-content\/uploads\/2025\/11\/82171953.jpg\" class=\"fancy\"><\/p>\n<p>                            <img loading=\"lazy\" decoding=\"async\" src=\"https:\/\/www.europesays.com\/fr\/wp-content\/uploads\/2025\/11\/82171953.jpg\" alt=\"Auxerre - Marseille\u00a0: Roberto De Zerbi a identifi\u00e9 &quot;le point noir&quot; de son \u00e9quipe pour se relancer\" width=\"1500\" height=\"1000\"\/><\/p>\n<p>                    <\/a><\/p>\n<p>                A l&rsquo;occasion de la 11e de journ\u00e9e de Ligue 1, l&rsquo;OM, dans un coup de moins bien, veut relancer la machine \u00e0 Auxerre.<\/p>\n<p>L&rsquo;<a href=\"https:\/\/www.linternaute.fr\/sport\/foot\/competitions\/olympique-marseille\/\" title=\"Olympique Marseille\" target=\"_blank\" rel=\"noopener\">OM<\/a> \u00e9tait dans une dynamique magnifique. Avec cinq victoires cons\u00e9cutives toutes comp\u00e9titions confondues et une \u00e9quipe irr\u00e9sistible depuis la victoire lors du Classique face au PSG (1-0), la formation de Roberto De Zerbi semblait lanc\u00e9e durablement sur de bons rails mais elle s&rsquo;est finalement quelque peu craquel\u00e9e. Les Phoc\u00e9ens, qui restent d\u00e9sormais sur trois matches sans victoire toutes comp\u00e9titions confondues dont deux d\u00e9faites au Sporting (2-1) et \u00e0 Lens (2-1), ont bien l&rsquo;intention de r\u00e9agir imm\u00e9diatement et \u00e9viter de se faire d\u00e9crocher par le wagon de t\u00eate du championnat. Un temps leader, l&rsquo;OM est d\u00e9sormais co-troisi\u00e8me \u00e0 \u00e9galit\u00e9 avec Strasbourg, Lyon et Lens. Une p\u00e9riode compliqu\u00e9e, d&rsquo;autant plus que l&rsquo;infirmerie est pleine, un fardeau pour le coach italien : \u00ab\u00a0C&rsquo;est vraiment le point noir de cette p\u00e9riode, la chose qui me pr\u00e9occupe et qui me stresse un peu, ce sont les blessures. En ce moment on a sept ou huit joueurs bless\u00e9s (&#8230;) il y a des moments o\u00f9 il faut se serrer les coudes\u00a0\u00bb.<\/p>\n<p>En d\u00e9licatesse en ce moment Marseille se pr\u00e9sente d&rsquo;autant plus face \u00e0 une \u00e9quipe auxerroise en grande difficult\u00e9 depuis le d\u00e9but de saison, affichant seulement deux petites victoires dont la derni\u00e8re qui remonte \u00e0 plus d&rsquo;un mois (\u00e0 Toulouse 0-1). Attention cependant \u00e0 ne pas sous-estimer l&rsquo;AJA qui avait battu \u00e0 deux reprises l&rsquo;OM la saison pass\u00e9e, Roberto De Zerbi s&rsquo;en souvient encore : \u00ab\u00a0R\u00e9agir c&rsquo;est quelque chose qui me motive. Me rebeller c&rsquo;est quelque chose qui me motive. On a encore les d\u00e9faites en t\u00eate, c&rsquo;\u00e9taient de lourdes d\u00e9faites dures \u00e0 dig\u00e9rer mais \u00e7a nous a servi\u00a0\u00bb.<\/p>\n<p>A quelle heure suivre Auxerre &#8211; Marseille ?<\/p>\n<p>Le coup d&rsquo;envoi\u00a0 de Auxerre &#8211; Marseille sera donn\u00e9 \u00e0 21h05 \u00e0 l&rsquo;Abb\u00e9-Deschamps.<\/p>\n<p>Sur quelle cha\u00eene suivre Auxerre &#8211; Marseille ?<\/p>\n<p>Auxerre &#8211; Marseille est \u00e0 suivre sur <a href=\"https:\/\/www.linternaute.com\/sport\/competitions\/8420771-ligue-1-une-journee-tres-attendue-resultats-et-classement\/\" title=\"Championnat de France de football\" target=\"_blank\" rel=\"noopener\">Ligue 1<\/a>+.<\/p>\n<p>Quelles sont les compositions probables de Auxerre &#8211; Marseille ?<\/p>\n<p>Auxerre.\u00a0\u00a0L\u00e9on \u2013 Senaya, Sierralta, Akpa, Diomand\u00e9, Oppegard \u2013 Casimir, Danois, Owusu, Namaso \u2013 Sinayoko.<\/p>\n<p>Marseille.\u00a0Rulli \u2013 Murillo, Pavard, Aguerd, Emerson \u2013 H\u00f6jbjerg, O&rsquo;Riley \u2013 Greenwood, Gomes, Paix\u00e3o \u2013 Vaz.<\/p>\n","protected":false},"excerpt":{"rendered":"A l&rsquo;occasion de la 11e de journ\u00e9e de Ligue 1, l&rsquo;OM, dans un coup de moins bien, veut&hellip;\n","protected":false},"author":2,"featured_media":504514,"comment_status":"","ping_status":"","sticky":false,"template":"","format":"standard","meta":{"footnotes":""},"categories":[2814],"tags":[1111,11,62634,51761,1777,674,2257,51763,1011,27,66,884,12,51767,882,25],"class_list":{"0":"post-504513","1":"post","2":"type-post","3":"status-publish","4":"format-standard","5":"has-post-thumbnail","7":"category-marseille","8":"tag-actu","9":"tag-actualites","10":"tag-cms-linternaute-9129278","11":"tag-controller-content","12":"tag-eu","13":"tag-europe","14":"tag-foot","15":"tag-format-papier","16":"tag-fr","17":"tag-france","18":"tag-ligue-1","19":"tag-marseille","20":"tag-news","21":"tag-parallaxeinfeed","22":"tag-provence-alpes-cote-dazur","23":"tag-republique-francaise"},"share_on_mastodon":{"url":"https:\/\/pubeurope.com\/@fr\/115474430376125479","error":""},"_links":{"self":[{"href":"https:\/\/www.europesays.com\/fr\/wp-json\/wp\/v2\/posts\/504513","targetHints":{"allow":["GET"]}}],"collection":[{"href":"https:\/\/www.europesays.com\/fr\/wp-json\/wp\/v2\/posts"}],"about":[{"href":"https:\/\/www.europesays.com\/fr\/wp-json\/wp\/v2\/types\/post"}],"author":[{"embeddable":true,"href":"https:\/\/www.europesays.com\/fr\/wp-json\/wp\/v2\/users\/2"}],"replies":[{"embeddable":true,"href":"https:\/\/www.europesays.com\/fr\/wp-json\/wp\/v2\/comments?post=504513"}],"version-history":[{"count":0,"href":"https:\/\/www.europesays.com\/fr\/wp-json\/wp\/v2\/posts\/504513\/revisions"}],"wp:featuredmedia":[{"embeddable":true,"href":"https:\/\/www.europesays.com\/fr\/wp-json\/wp\/v2\/media\/504514"}],"wp:attachment":[{"href":"https:\/\/www.europesays.com\/fr\/wp-json\/wp\/v2\/media?parent=504513"}],"wp:term":[{"taxonomy":"category","embeddable":true,"href":"https:\/\/www.europesays.com\/fr\/wp-json\/wp\/v2\/categories?post=504513"},{"taxonomy":"post_tag","embeddable":true,"href":"https:\/\/www.europesays.com\/fr\/wp-json\/wp\/v2\/tags?post=504513"}],"curies":[{"name":"wp","href":"https:\/\/api.w.org\/{rel}","templated":true}]}}