{"id":504515,"date":"2025-11-01T12:25:14","date_gmt":"2025-11-01T12:25:14","guid":{"rendered":"https:\/\/www.europesays.com\/fr\/504515\/"},"modified":"2025-11-01T12:25:14","modified_gmt":"2025-11-01T12:25:14","slug":"la-maison-seve-se-classe-parmi-le-top-10-mondial-au-salon-du-chocolat-a-paris","status":"publish","type":"post","link":"https:\/\/www.europesays.com\/fr\/504515\/","title":{"rendered":"la Maison S\u00e8ve se classe parmi le top 10 mondial au Salon du chocolat \u00e0 Paris"},"content":{"rendered":"<p>La chocolaterie lyonnaise signe une performance exceptionnelle au Salon du Chocolat de Paris, qui se termine aujourd\u2019hui, et d\u00e9croche deux Tablettes d\u2019Or 2026 d\u00e9cern\u00e9es par le prestigieux Guide des Croqueurs de Chocolat.<\/p>\n<p>Elle entre ainsi dans le Top 10 mondial des meilleurs chocolatiers avec le titre envi\u00e9 de \u201cChocolatier Incontournable\u201d.<\/p>\n<p>La richesse des ar\u00f4mes de cacao<\/p>\n<p>Les deux cr\u00e9ations prim\u00e9es t\u00e9moignent d\u2019un vrai savoir-faire. La Tablette Noir P\u00e9rou Piura 76\u00a0%, Grand Cru Bean-to-Bar a s\u00e9duit par la richesse de ses ar\u00f4mes de cacao, fruits et \u00e9pices et la Tablette Lait Fourr\u00e9e \u00e0 la p\u00e2te \u00e0 tartiner, quant \u00e0 elle, a conquis les jur\u00e9s par sa g\u00e9n\u00e9rosit\u00e9 et son intensit\u00e9 gourmande.<\/p>\n<p>Fabriquant int\u00e9gralement son chocolat de la f\u00e8ve \u00e0 la tablette dans sa manufacture mus\u00e9e Musco \u00e0 Limonest, la Maison S\u00e8ve, port\u00e9e par Richard, Ga\u00eblle, Lucas et Arthur S\u00e8ve, fait par ces r\u00e9compenses rayonner l\u2019excellence lyonnaise au-del\u00e0 des fronti\u00e8res.<\/p>\n","protected":false},"excerpt":{"rendered":"La chocolaterie lyonnaise signe une performance exceptionnelle au Salon du Chocolat de Paris, qui se termine aujourd\u2019hui, et&hellip;\n","protected":false},"author":2,"featured_media":504516,"comment_status":"","ping_status":"","sticky":false,"template":"","format":"standard","meta":{"footnotes":""},"categories":[1889],"tags":[1111,11,2430,2757,3153,1777,674,107,1011,27,41246,2428,2756,6016,12,25,2429,104],"class_list":{"0":"post-504515","1":"post","2":"type-post","3":"status-publish","4":"format-standard","5":"has-post-thumbnail","7":"category-lyon","8":"tag-actu","9":"tag-actualites","10":"tag-auvergne-rhone-alpes","11":"tag-edition-lyon-villeurbanne","12":"tag-edition-ouest-lyonnais","13":"tag-eu","14":"tag-europe","15":"tag-fil-info","16":"tag-fr","17":"tag-france","18":"tag-limonest","19":"tag-lyon","20":"tag-lyon-bassin","21":"tag-magazine-cuisine-et-vins","22":"tag-news","23":"tag-republique-francaise","24":"tag-rhone","25":"tag-societe"},"share_on_mastodon":{"url":"https:\/\/pubeurope.com\/@fr\/115474433471514492","error":""},"_links":{"self":[{"href":"https:\/\/www.europesays.com\/fr\/wp-json\/wp\/v2\/posts\/504515","targetHints":{"allow":["GET"]}}],"collection":[{"href":"https:\/\/www.europesays.com\/fr\/wp-json\/wp\/v2\/posts"}],"about":[{"href":"https:\/\/www.europesays.com\/fr\/wp-json\/wp\/v2\/types\/post"}],"author":[{"embeddable":true,"href":"https:\/\/www.europesays.com\/fr\/wp-json\/wp\/v2\/users\/2"}],"replies":[{"embeddable":true,"href":"https:\/\/www.europesays.com\/fr\/wp-json\/wp\/v2\/comments?post=504515"}],"version-history":[{"count":0,"href":"https:\/\/www.europesays.com\/fr\/wp-json\/wp\/v2\/posts\/504515\/revisions"}],"wp:featuredmedia":[{"embeddable":true,"href":"https:\/\/www.europesays.com\/fr\/wp-json\/wp\/v2\/media\/504516"}],"wp:attachment":[{"href":"https:\/\/www.europesays.com\/fr\/wp-json\/wp\/v2\/media?parent=504515"}],"wp:term":[{"taxonomy":"category","embeddable":true,"href":"https:\/\/www.europesays.com\/fr\/wp-json\/wp\/v2\/categories?post=504515"},{"taxonomy":"post_tag","embeddable":true,"href":"https:\/\/www.europesays.com\/fr\/wp-json\/wp\/v2\/tags?post=504515"}],"curies":[{"name":"wp","href":"https:\/\/api.w.org\/{rel}","templated":true}]}}