{"id":504519,"date":"2025-11-01T12:28:12","date_gmt":"2025-11-01T12:28:12","guid":{"rendered":"https:\/\/www.europesays.com\/fr\/504519\/"},"modified":"2025-11-01T12:28:12","modified_gmt":"2025-11-01T12:28:12","slug":"paris-le-collectif-stop-petrole-ile-de-france-mobilise-contre-lextension-de-puits-de-petrole-en-seine-et-marne","status":"publish","type":"post","link":"https:\/\/www.europesays.com\/fr\/504519\/","title":{"rendered":"Paris\u00a0: le collectif Stop P\u00e9trole Ile-de-France mobilis\u00e9 contre l\u2019extension de puits de p\u00e9trole en Seine-et-Marne"},"content":{"rendered":"<p class=\"paragraph text_align_left lp-f-body-02\">Le collectif \u2018Stop P\u00e9trole Ile-de-France\u2019 maintient la pression. Ce groupement d\u2019associations (Greenpeace, France Nature Environnement R\u00e9seau Action Climat, Notre Affaire \u00e0 tous, etc.) sensibilisera le public \u00e0 son combat contre les forages p\u00e9troliers ce samedi \u00e0 14h30 \u00e0 Paris sur le parvis de l\u2019H\u00f4tel de ville.<\/p>\n<p class=\"paragraph text_align_left lp-f-body-02\">\u00c0 quelques jours de l\u2019ouverture de la COP30 \u00e0 Bel\u00e9m au Br\u00e9sil et \u00e0 un mois de l\u2019anniversaire de l\u2019accord de Paris, elles (re) diront leur engagement contre le projet d\u2019extension de deux puits dans la concession p\u00e9troli\u00e8re de la soci\u00e9t\u00e9 Bridge Energies exploit\u00e9e depuis 2009 \u00e0 Nonville, \u00e0 5 km au sud de la for\u00eat de Fontainebleau en Seine-et-Marne, dans un p\u00e9rim\u00e8tre dit de \u00ab protection \u00e9loign\u00e9e \u00bb du captage d\u2019Eau de Paris. Une p\u00e9tition adress\u00e9e au Premier ministre S\u00e9bastien Lecornu a recueilli \u00e0 ce jour<a href=\"https:\/\/agir.greenvoice.fr\/petitions\/toujours-non-aux-forages-petroliers-dans-le-sud-seine-et-marne-comme-ailleurs\" target=\"_self\" rel=\"nofollow noopener\"> plus de 40 000 signatures.<\/a><\/p>\n<p class=\"paragraph text_align_left lp-f-body-02\">L\u2019enjeu est r\u00e9el : ces champs captants produisent chaque jour 25 000 m\u00b3 d\u2019eau de source qui alimentent les robinets de quelque 180 000 habitants des Ier, IIe, IIIe, IVe, VIIe, XVe et XVIe arrondissements de Paris et environ 800 habitants de Villemer, pr\u00e8s de Nonville.<\/p>\n<p class=\"paragraph text_align_left lp-f-body-02\">La cr\u00e9ation de deux nouveaux puits revient \u00e0 \u00ab une catastrophe \u00e9cologique en puissance \u00bb selon Dan Lert (Les \u00c9cologistes) adjoint \u00e0 la maire de Paris en charge de la Transition \u00e9cologique et pr\u00e9sident de la r\u00e9gie publique Eau de Paris, qui <a href=\"https:\/\/www.leparisien.fr\/paris-75\/eau-de-paris-veut-empecher-de-nouveaux-forages-petroliers-a-nonville-pour-proteger-les-captages-deau-07-05-2024-6KUZTRMGXFBN3A5QV47XKOJNSI.php\" target=\"_self\" rel=\"nofollow noopener\">a attaqu\u00e9 au tribunal administratif<\/a> de Melun l\u2019arr\u00eat\u00e9 pr\u00e9fectoral autorisant les deux nouveaux puits. Il \u00e9voque un \u00ab risque r\u00e9el \u00bb au moment du forage des deux puits, \u00e0 1 500 m de profondeur, quand ils devront traverser la nappe phr\u00e9atique. Mais aussi lors de la circulation des camions de p\u00e9trole brut.<\/p>\n<p class=\"paragraph text_align_left lp-f-body-02\">Le pr\u00e9sident d\u2019Eau de Paris \u00e9voque deux accidents, l\u2019un en 2013 avec du d\u00e9versement d\u2019hydrocarbures sur une route, et l\u2019autre en 2022 \u00e0 cause de la fuite d\u2019une canalisation sur la plateforme. \u00ab Tant de risques pour une production de p\u00e9trole anecdotique, quand la loi Hulot de 2017 exige<a href=\"https:\/\/www.leparisien.fr\/environnement\/hydrocarbures-nicolas-hulot-va-fermer-les-vannes-de-la-production-en-france-04-09-2017-7233729.php\" rel=\"nofollow noopener\" target=\"_blank\"> l\u2019arr\u00eat complet de l\u2019extraction d\u2019hydrocarbures en 2039<\/a> en France \u00bb, ass\u00e8ne Dan Lert. Par ailleurs, l\u2019autorisation est contraire aux recommandations du Groupe d\u2019experts intergouvernemental sur l\u2019\u00e9volution du climat (Giec) et de l\u2019Agence internationale de l\u2019\u00e9nergie : en 2050, le monde doit atteindre la <a href=\"https:\/\/www.leparisien.fr\/environnement\/objectif-zero-carbone-en-2050-quels-efforts-pour-y-parvenir-01-04-2022-2RRX44FUNRGD3OYMTGNCN3YQCQ.php\" rel=\"nofollow noopener\" target=\"_blank\">neutralit\u00e9 carbone<\/a>.<\/p>\n<p><img decoding=\"async\" class=\"image \" loading=\"lazy\" src=\"https:\/\/www.europesays.com\/fr\/wp-content\/uploads\/2025\/11\/PV6VY5IVRZDETO3KJMDSOL7ZSE.jpg\" alt=\"Melun, 9 janvier 2025. Pr\u00e9sident d'Eau de Paris, Dan Lert ici avant le d\u00e9but de l'audience sur le fond au tribunal administratif de Melun. Il le dit: &quot;Nous irons jusqu'au bout, c'est \u00e0-dire jusqu'\u00e0 l'annulation du projet&quot;.\" align=\"\" data-rubrique-principale=\"\" data-article-type=\"\" fetchpriority=\"auto\"\/>Melun, 9 janvier 2025. Pr\u00e9sident d&rsquo;Eau de Paris, Dan Lert ici avant le d\u00e9but de l&rsquo;audience sur le fond au tribunal administratif de Melun. Il le dit: \u00ab\u00a0Nous irons jusqu&rsquo;au bout, c&rsquo;est \u00e0-dire jusqu&rsquo;\u00e0 l&rsquo;annulation du projet\u00a0\u00bb.<\/p>\n<p class=\"paragraph text_align_left lp-f-body-02\">Les Amis de la Terre France, FNE \u00cele-de-France, FNE Seine-et-Marne, Notre Affaire \u00e0 Tous, le R\u00e9seau Action Climat et Reclaim Finance ont d\u00e9pos\u00e9 une intervention volontaire visant \u00e0 soutenir le recours d\u00e9pos\u00e9 par Eau de Paris.<\/p>\n<p class=\"paragraph text_align_left lp-f-body-02\">Un troisi\u00e8me m\u00e9moire a \u00e9t\u00e9 d\u00e9pos\u00e9 en soutien par six communes (Paris, Nonville, La Genevraye, Villemer, Moret-Loing-et-Orvanne et Lorrez-le-Bocage-Pr\u00e9aux) et deux syndicats.<\/p>\n<p class=\"paragraph text_align_left lp-f-body-02\">De son c\u00f4t\u00e9, Bridge Energies mart\u00e8le que les deux nouveaux puits sont pr\u00e9vus sur la plateforme existante sans \u00e9largissement de son emprise au sol et r\u00e9pondent \u00e0 toutes les normes de protection des aquif\u00e8res conform\u00e9ment \u00e0 la r\u00e9glementation environnementale. \u00ab Les installations et travaux font l\u2019objet de contr\u00f4les r\u00e9guliers et de d\u00e9clarations aupr\u00e8s de notre administration de tutelle, la direction r\u00e9gionale de l\u2019environnement (DRIEAT). \u00bb La soci\u00e9t\u00e9 d\u00e9ment \u00ab tout incident sur les puits existants \u00bb. Elle rappelle que sont en jeu trois emplois directs et 25 indirects.<\/p>\n<p class=\"paragraph text_align_left lp-f-body-02\"><a href=\"https:\/\/www.leparisien.fr\/seine-et-marne-77\/forages-petroliers-en-seine-et-marne-la-justice-tranchera-dans-dix-mois-eau-de-paris-salue-une-victoire-detape-31-01-2025-DCUX6XKHPNGYDNS3XDL2YNZU3Y.php\" target=\"_blank\" rel=\"noreferrer nofollow noopener\">Fin janvier 2025<\/a>, le tribunal administratif avait laiss\u00e9 dix mois \u00e0 Bridge Energies pour r\u00e9aliser un nouvel inventaire des esp\u00e8ces prot\u00e9g\u00e9es effectu\u00e9 sur quatre saisons durant l\u2019ann\u00e9e 2025. Il devait \u00e9galement pr\u00e9ciser les garanties financi\u00e8res en cas d\u2019accidents. Sur cette base, le pr\u00e9fet devrait prendre prochainement un arr\u00eat\u00e9 modificatif de r\u00e9gularisation. Lequel sera toute fa\u00e7on contest\u00e9 par Eau de Paris annonce Dan Lert. <\/p>\n","protected":false},"excerpt":{"rendered":"Le collectif \u2018Stop P\u00e9trole Ile-de-France\u2019 maintient la pression. Ce groupement d\u2019associations (Greenpeace, France Nature Environnement R\u00e9seau Action Climat,&hellip;\n","protected":false},"author":2,"featured_media":504520,"comment_status":"","ping_status":"","sticky":false,"template":"","format":"standard","meta":{"footnotes":""},"categories":[1592],"tags":[1111,11,1777,674,1011,27,662,1944,12,626,25],"class_list":{"0":"post-504519","1":"post","2":"type-post","3":"status-publish","4":"format-standard","5":"has-post-thumbnail","7":"category-ile-de-france","8":"tag-actu","9":"tag-actualites","10":"tag-eu","11":"tag-europe","12":"tag-fr","13":"tag-france","14":"tag-ile-de-france","15":"tag-ma-ville","16":"tag-news","17":"tag-paris","18":"tag-republique-francaise"},"share_on_mastodon":{"url":"https:\/\/pubeurope.com\/@fr\/115474446193516955","error":""},"_links":{"self":[{"href":"https:\/\/www.europesays.com\/fr\/wp-json\/wp\/v2\/posts\/504519","targetHints":{"allow":["GET"]}}],"collection":[{"href":"https:\/\/www.europesays.com\/fr\/wp-json\/wp\/v2\/posts"}],"about":[{"href":"https:\/\/www.europesays.com\/fr\/wp-json\/wp\/v2\/types\/post"}],"author":[{"embeddable":true,"href":"https:\/\/www.europesays.com\/fr\/wp-json\/wp\/v2\/users\/2"}],"replies":[{"embeddable":true,"href":"https:\/\/www.europesays.com\/fr\/wp-json\/wp\/v2\/comments?post=504519"}],"version-history":[{"count":0,"href":"https:\/\/www.europesays.com\/fr\/wp-json\/wp\/v2\/posts\/504519\/revisions"}],"wp:featuredmedia":[{"embeddable":true,"href":"https:\/\/www.europesays.com\/fr\/wp-json\/wp\/v2\/media\/504520"}],"wp:attachment":[{"href":"https:\/\/www.europesays.com\/fr\/wp-json\/wp\/v2\/media?parent=504519"}],"wp:term":[{"taxonomy":"category","embeddable":true,"href":"https:\/\/www.europesays.com\/fr\/wp-json\/wp\/v2\/categories?post=504519"},{"taxonomy":"post_tag","embeddable":true,"href":"https:\/\/www.europesays.com\/fr\/wp-json\/wp\/v2\/tags?post=504519"}],"curies":[{"name":"wp","href":"https:\/\/api.w.org\/{rel}","templated":true}]}}