{"id":50452,"date":"2025-04-25T00:18:11","date_gmt":"2025-04-25T00:18:11","guid":{"rendered":"https:\/\/www.europesays.com\/fr\/50452\/"},"modified":"2025-04-25T00:18:11","modified_gmt":"2025-04-25T00:18:11","slug":"jean-luc-melenchon-au-coeur-dun-portrait-de-complement-denquete-diffuse-jeudi-soir-sur-france-2","status":"publish","type":"post","link":"https:\/\/www.europesays.com\/fr\/50452\/","title":{"rendered":"Jean-Luc M\u00e9lenchon au c\u0153ur d\u2019un portrait de Compl\u00e9ment d\u2019enqu\u00eate, diffus\u00e9 jeudi soir sur France 2"},"content":{"rendered":"<p>                             Par     <a class=\"fig-content-metas__author\" href=\"https:\/\/www.lefigaro.fr\/auteur\/john-timsit\" rel=\"author noopener\" target=\"_blank\">John Timsit<\/a><\/p>\n<p>\n            Publi\u00e9<br \/>\n                le 24 avril 2025 \u00e0 19h40,<br \/>\n                 mis \u00e0 jour le 25 avril 2025 \u00e0 01h35<\/p>\n<p>\u00a0\u00bb<br \/>\n        data-script=\u00a0\u00bbhttps:\/\/static.lefigaro.fr\/widget-video\/short-ttl\/video\/index.js\u00a0\u00bb<br \/>\n    &gt;<\/p>\n<p>L\u2019\u00e9mission du service public visait \u00e0 \u00abcomprendre la strat\u00e9gie de ce professionnel de la castagne, adepte de la tension permanente\u00bb en allant \u00e0 la \u00abrencontre de ceux qui le connaissent le mieux.\u00bb<\/p>\n<p class=\"fig-paragraph\">Apr\u00e8s le pr\u00e9sident du Rassemblement national (RN)\u00a0<a href=\"http:\/\/www.lefigaro.fr\/politique\/complement-d-enquete-bardella-refute-formellement-avoir-un-compte-twitter-secret-et-adresse-une-mise-en-demeure-a-france-televisions-20240117\" data-fig-type=\"NewsFlash\" data-gtm-custom-categorie=\"navigation\" data-gtm-custom-action=\"crossclick\" data-gtm-custom-label=\"Contextuel\" data-gtm-event=\"customEventSPE\" data-fig-domain=\"LEFIGARO\" target=\"_blank\" rel=\"noopener\">Jordan Bardella<\/a>, Compl\u00e9ment d\u2019enqu\u00eate s\u2019est attaqu\u00e9 \u00e0\u00a0<a href=\"http:\/\/www.lefigaro.fr\/politique\/marine-le-pen-ineligible-pourquoi-jean-luc-melenchon-ne-se-rejouit-pas-de-la-condamnation-20250331\" data-fig-type=\"Article\" data-gtm-custom-categorie=\"navigation\" data-gtm-custom-action=\"crossclick\" data-gtm-custom-label=\"Contextuel\" data-gtm-event=\"customEventSPE\" data-fig-domain=\"LEFIGARO\" target=\"_blank\" rel=\"noopener\">Jean-Luc M\u00e9lenchon<\/a>. Dans un reportage diffus\u00e9 jeudi \u00e0 23 heures, France 2 a tent\u00e9 de r\u00e9pondre \u00e0 une question \u00e0 la fois simple et complexe\u00a0: \u00ab\u00c0 quoi joue r\u00e9ellement le patron de LFI\u00a0?\u00bb. \u00abAccus\u00e9 par les uns d\u2019avoir tent\u00e9 d\u2019instrumentaliser le conflit isra\u00e9lo-palestinien en France \u00e0 des fins \u00e9lectorales, suspect\u00e9 par les autres d\u2019avoir fait voler en \u00e9clat la fragile union de la gauche&#8230; D\u00e9sormais cible de tous les anath\u00e8mes et m\u00eame menac\u00e9 de mort, rarement personnalit\u00e9 politique aura \u00e0 ce point cliv\u00e9 notre pays\u00bb, d\u00e9taillait le communiqu\u00e9 du magazine quelques jours avant la diffusion.<\/p>\n<p class=\"fig-paragraph\">\u00c0 deux ans de la pr\u00e9sidentielle de 2027 &#8211; \u00e9ch\u00e9ance \u00e0 laquelle l\u2019Insoumis se pr\u00e9pare activement &#8211; , Compl\u00e9ment d\u2019enqu\u00eate a souhait\u00e9 \u00abcomprendre la strat\u00e9gie de ce professionnel de la castagne, adepte de la tension permanente\u00bb en allant \u00ab\u00e0 la rencontre de ceux qui le connaissent le mieux\u00bb. Parmi ces derniers, la d\u00e9put\u00e9e (ex-LFI) de Paris Danielle Simonnet qui s\u2019\u00e9tait attir\u00e9 en coulisses les foudres de Jean-Luc M\u00e9lenchon il y a bient\u00f4t trois ans.<\/p>\n<p class=\"fig-paragraph\">Point d\u2019orgue de l\u2019\u00e9mission, l\u2019\u00e9lue (\u00c9cologiste et sociale) dit avoir subi un \u00abharc\u00e8lement politique et moral\u00bb pendant la campagne des l\u00e9gislatives de 2022. Tout part des vell\u00e9it\u00e9s de\u00a0<a href=\"http:\/\/www.lefigaro.fr\/politique\/je-ne-partage-en-rien-leur-projet-islamiste-accusee-d-avoir-rendu-hommage-au-chef-du-hamas-sophia-chikirou-lfi-se-defend-20240805\" data-fig-type=\"NewsFlash\" data-gtm-custom-categorie=\"navigation\" data-gtm-custom-action=\"crossclick\" data-gtm-custom-label=\"Contextuel\" data-gtm-event=\"customEventSPE\" data-fig-domain=\"LEFIGARO\" target=\"_blank\" rel=\"noopener\">Sophia Chikirou<\/a>, proche conseill\u00e8re en communication de Jean-Luc M\u00e9lenchon, \u00e0 se pr\u00e9senter dans la 15e circonscription de Paris. Probl\u00e8me\u00a0: Danielle Simonnet, implant\u00e9e depuis longtemps dans ce secteur de la capitale, et d\u00e9j\u00e0 candidate, s\u2019y oppose. Sophia Chikirou est alors parachut\u00e9e dans la circonscription voisine (la 6e), mais les militants locaux lui opposent une fin de non-recevoir.<\/p>\n<p>\u00abCe n\u2019\u00e9tait pas \u00e9vident\u00bb<\/p>\n<p class=\"fig-paragraph\">Tr\u00e8s vite, Jean-Luc M\u00e9lenchon charge Danielle Simonnet d\u2019\u00eatre \u00e0 l\u2019origine d\u2019une fronde dirig\u00e9e contre sa prot\u00e9g\u00e9e. Si l\u2019\u00e9lue parisienne assure au leader de la gauche qu\u2019elle n\u2019y est pour rien, le triple candidat \u00e0 la pr\u00e9sidentielle n\u2019en a cure, et lui envoie des messages \u00abde jour en jour plus violents et plus tendus\u00bb, accuse cette ancienne figure historique de LFI. Pour appuyer son r\u00e9cit, elle divulgue pour la premi\u00e8re fois des captures d\u2019\u00e9cran de ses \u00e9changes avec le chef de file des Insoumis, hommes fort de la gauche apr\u00e8s son score \u00e9lev\u00e9 (21,95%) \u00e0 la pr\u00e9sidentielle de 2022. \u00abNe crois pas que je ne me rende pas compte\u00bb, lui \u00e9crit \u00e0 l\u2019\u00e9poque Jean-Luc M\u00e9lenchon, qui d\u00e9nonce des \u00abcombines pourries des planqu\u00e9s contre le dispositif central\u00bb. Avant de se montrer mena\u00e7ant\u00a0: \u00abJe vous passerai tous \u00e0 la trappe et c\u2019est tout. J\u2019attends d\u2019\u00eatre scrupuleusement entendu.\u00bb<\/p>\n<p class=\"fig-paragraph\">Peu importent ces intimidations, Danielle Simonnet assure avoir continu\u00e9 la campagne \u00abpar loyaut\u00e9\u00bb. Et ce, malgr\u00e9 ses tiraillements internes. \u00abSe lever tous les matins, aller faire du porte-\u00e0-porte, aller faire la campagne de Jean-Luc M\u00e9lenchon alors que vous aviez dans votre t\u00e9l\u00e9phone tous ces messages-l\u00e0, d\u2019une violence absolue, ce n\u2019\u00e9tait quand m\u00eame pas \u00e9vident\u00bb, l\u00e2che-t-elle trois ans plus tard. Candidate dissidente lors des derni\u00e8res l\u00e9gislatives apr\u00e8s la purge orchestr\u00e9e par LFI contre les \u00abfrondeurs\u00bb au moment des investitures, Danielle Simonnet est parvenue \u00e0 retrouver son fauteuil de d\u00e9put\u00e9e apr\u00e8s la dissolution.<\/p>\n","protected":false},"excerpt":{"rendered":"Par John Timsit Publi\u00e9 le 24 avril 2025 \u00e0 19h40, mis \u00e0 jour le 25 avril 2025 \u00e0&hellip;\n","protected":false},"author":2,"featured_media":50453,"comment_status":"","ping_status":"","sticky":false,"template":"","format":"standard","meta":{"footnotes":""},"categories":[4],"tags":[1111,47,11,1109,1112,118,1108,107,1106,1107,1011,27,1110,1114,14,3081,12,1113,316,25],"class_list":{"0":"post-50452","1":"post","2":"type-post","3":"status-publish","4":"format-standard","5":"has-post-thumbnail","7":"category-france","8":"tag-actu","9":"tag-actualite","10":"tag-actualites","11":"tag-breves","12":"tag-depeches","13":"tag-faits-divers","14":"tag-fil","15":"tag-fil-info","16":"tag-flash","17":"tag-flash-actu","18":"tag-fr","19":"tag-france","20":"tag-informations","21":"tag-infos","22":"tag-international","23":"tag-jean-luc-melenchon","24":"tag-news","25":"tag-nouvelles","26":"tag-politique","27":"tag-republique-francaise"},"share_on_mastodon":{"url":"https:\/\/pubeurope.com\/@fr\/114395735825727157","error":""},"_links":{"self":[{"href":"https:\/\/www.europesays.com\/fr\/wp-json\/wp\/v2\/posts\/50452","targetHints":{"allow":["GET"]}}],"collection":[{"href":"https:\/\/www.europesays.com\/fr\/wp-json\/wp\/v2\/posts"}],"about":[{"href":"https:\/\/www.europesays.com\/fr\/wp-json\/wp\/v2\/types\/post"}],"author":[{"embeddable":true,"href":"https:\/\/www.europesays.com\/fr\/wp-json\/wp\/v2\/users\/2"}],"replies":[{"embeddable":true,"href":"https:\/\/www.europesays.com\/fr\/wp-json\/wp\/v2\/comments?post=50452"}],"version-history":[{"count":0,"href":"https:\/\/www.europesays.com\/fr\/wp-json\/wp\/v2\/posts\/50452\/revisions"}],"wp:featuredmedia":[{"embeddable":true,"href":"https:\/\/www.europesays.com\/fr\/wp-json\/wp\/v2\/media\/50453"}],"wp:attachment":[{"href":"https:\/\/www.europesays.com\/fr\/wp-json\/wp\/v2\/media?parent=50452"}],"wp:term":[{"taxonomy":"category","embeddable":true,"href":"https:\/\/www.europesays.com\/fr\/wp-json\/wp\/v2\/categories?post=50452"},{"taxonomy":"post_tag","embeddable":true,"href":"https:\/\/www.europesays.com\/fr\/wp-json\/wp\/v2\/tags?post=50452"}],"curies":[{"name":"wp","href":"https:\/\/api.w.org\/{rel}","templated":true}]}}