{"id":504521,"date":"2025-11-01T12:29:15","date_gmt":"2025-11-01T12:29:15","guid":{"rendered":"https:\/\/www.europesays.com\/fr\/504521\/"},"modified":"2025-11-01T12:29:15","modified_gmt":"2025-11-01T12:29:15","slug":"deux-policiers-vont-etre-juges-lavocat-denonce-une-manoeuvre","status":"publish","type":"post","link":"https:\/\/www.europesays.com\/fr\/504521\/","title":{"rendered":"deux policiers vont \u00eatre jug\u00e9s, l&rsquo;avocat d\u00e9nonce une \u00ab\u00a0manoeuvre\u00a0\u00bb"},"content":{"rendered":"<p>            Par<br \/>\n        <strong><br \/>\n            <a href=\"https:\/\/actu.fr\/auteur\/thomas-martin\" title=\"Consulter tous les articles de Thomas Martin\" target=\"_blank\" rel=\"noopener\">Thomas Martin<\/a><br \/>\n        <\/strong><\/p>\n<p>        Publi\u00e9 le<\/p>\n<p>            1 nov. 2025 \u00e0 12h43        <\/p>\n<p>Les faits <a href=\"https:\/\/actu.fr\/ile-de-france\/paris_75056\/video-une-voiture-de-police-percute-un-motard-a-la-sortie-de-paris-j-ai-failli-perdre-la-vie_63319893.html\" target=\"_blank\" rel=\"noopener\">r\u00e9v\u00e9l\u00e9s par actu Paris<\/a> remontent au 14 octobre et se sont produits peu apr\u00e8s l\u2019entr\u00e9e de l\u2019autoroute <a href=\"https:\/\/actu.fr\/tag\/autoroute-4-a4\" target=\"_blank\" rel=\"noopener\">A4<\/a>, dans le Val-de-Marne, au sud-est de Paris. Les images de la sc\u00e8ne, film\u00e9es depuis une voiture en retrait sur l\u2019autoroute, sont rapidement devenues virales. La s\u00e9quence montre une voiture de police d\u00e9port\u00e9e vers le motard, toucher la moto qui guidonne tandis que le motard l\u00e8ve un bras rageur, le v\u00e9hicule policier s\u2019\u00e9loignant ensuite. Deux policiers accus\u00e9s par le motard\u00a0d\u2019avoir voulu le renverser avec leur voiture ont \u00e9t\u00e9 plac\u00e9s sous contr\u00f4le judiciaire et seront jug\u00e9s le 1er d\u00e9cembre, a-t-on appris samedi 1er novembre aupr\u00e8s du <a href=\"https:\/\/actu.fr\/tag\/tribunal-de-creteil\" target=\"_blank\" rel=\"noopener\">parquet de Cr\u00e9teil<\/a>.<\/p>\n<p>\u00ab\u00a0Nous contesterons la comp\u00e9tence du tribunal correctionnel de Cr\u00e9teil\u00a0\u00bb<\/p>\n<p class=\" wall-content\">A l\u2019issue de leur garde \u00e0 vue, \u00ab\u00a0les deux policiers ont \u00e9t\u00e9 d\u00e9f\u00e9r\u00e9s au parquet vendredi soir\u00a0\u00bb et \u00ab\u00a0plac\u00e9s sous contr\u00f4le judiciaire\u00a0\u00bb, a indiqu\u00e9 le minist\u00e8re public \u00e0 l\u2019AFP.<br \/>Leur contr\u00f4le judiciaire pr\u00e9voit une interdiction d\u2019exercer leur fonction sur la voie publique, selon cette m\u00eame source.<\/p>\n<p class=\" wall-content\">Les deux policiers sont convoqu\u00e9s devant le tribunal correctionnel de Cr\u00e9teil le 1er d\u00e9cembre pour des faits de violence aggrav\u00e9e. \u00ab\u00a0C\u2019est une premi\u00e8re \u00e9tape\u00a0\u00bb, a estim\u00e9 Me Ari\u00e9 Alimi, avocat du motard. \u00ab\u00a0Mais nous contesterons la comp\u00e9tence du tribunal correctionnel de Cr\u00e9teil. C\u2019est une man\u0153uvre du parquet pour les juger en correctionnel alors qu\u2019il s\u2019agit d\u2019une tentative d\u2019homicide\u00a0\u00bb, qui rel\u00e8ve selon lui de la cour d\u2019assises.<\/p>\n<p class=\" wall-content\"><strong>Avec AFP<\/strong><\/p>\n<p class=\" wall-content\">Personnalisez votre actualit\u00e9 en ajoutant vos villes et m\u00e9dias en favori avec <a href=\"https:\/\/moncompte.actu.fr\" title=\"D\u00e9couvez Mon Actu\" rel=\"nofollow noopener\" data-trk=\"{&quot;cta&quot;:{&quot;action&quot;:&quot;https:\\\/\\\/moncompte.actu.fr&quot;,&quot;category&quot;:&quot;mon compte&quot;,&quot;from&quot;:&quot;article footer&quot;,&quot;name&quot;:&quot;Mon actu&quot;,&quot;type&quot;:&quot;cta&quot;}}\" target=\"_blank\">Mon Actu<\/a>.<\/p>\n","protected":false},"excerpt":{"rendered":"Par Thomas Martin Publi\u00e9 le 1 nov. 2025 \u00e0 12h43 Les faits r\u00e9v\u00e9l\u00e9s par actu Paris remontent au&hellip;\n","protected":false},"author":2,"featured_media":472911,"comment_status":"","ping_status":"","sticky":false,"template":"","format":"standard","meta":{"footnotes":""},"categories":[1888],"tags":[1111,1928,11,1927,16459,1777,674,118,1011,27,12,1926,626,1925,25,4310,7374],"class_list":{"0":"post-504521","1":"post","2":"type-post","3":"status-publish","4":"format-standard","5":"has-post-thumbnail","7":"category-paris","8":"tag-actu","9":"tag-actu-paris","10":"tag-actualites","11":"tag-actualites-paris","12":"tag-autoroute-4-a4","13":"tag-eu","14":"tag-europe","15":"tag-faits-divers","16":"tag-fr","17":"tag-france","18":"tag-news","19":"tag-news-paris","20":"tag-paris","21":"tag-paris-news","22":"tag-republique-francaise","23":"tag-tribunal-de-creteil","24":"tag-violences-policieres"},"share_on_mastodon":{"url":"https:\/\/pubeurope.com\/@fr\/115474449373909012","error":""},"_links":{"self":[{"href":"https:\/\/www.europesays.com\/fr\/wp-json\/wp\/v2\/posts\/504521","targetHints":{"allow":["GET"]}}],"collection":[{"href":"https:\/\/www.europesays.com\/fr\/wp-json\/wp\/v2\/posts"}],"about":[{"href":"https:\/\/www.europesays.com\/fr\/wp-json\/wp\/v2\/types\/post"}],"author":[{"embeddable":true,"href":"https:\/\/www.europesays.com\/fr\/wp-json\/wp\/v2\/users\/2"}],"replies":[{"embeddable":true,"href":"https:\/\/www.europesays.com\/fr\/wp-json\/wp\/v2\/comments?post=504521"}],"version-history":[{"count":0,"href":"https:\/\/www.europesays.com\/fr\/wp-json\/wp\/v2\/posts\/504521\/revisions"}],"wp:featuredmedia":[{"embeddable":true,"href":"https:\/\/www.europesays.com\/fr\/wp-json\/wp\/v2\/media\/472911"}],"wp:attachment":[{"href":"https:\/\/www.europesays.com\/fr\/wp-json\/wp\/v2\/media?parent=504521"}],"wp:term":[{"taxonomy":"category","embeddable":true,"href":"https:\/\/www.europesays.com\/fr\/wp-json\/wp\/v2\/categories?post=504521"},{"taxonomy":"post_tag","embeddable":true,"href":"https:\/\/www.europesays.com\/fr\/wp-json\/wp\/v2\/tags?post=504521"}],"curies":[{"name":"wp","href":"https:\/\/api.w.org\/{rel}","templated":true}]}}