{"id":504522,"date":"2025-11-01T12:30:25","date_gmt":"2025-11-01T12:30:25","guid":{"rendered":"https:\/\/www.europesays.com\/fr\/504522\/"},"modified":"2025-11-01T12:30:25","modified_gmt":"2025-11-01T12:30:25","slug":"un-afghan-de-20-ans-mis-en-examen-a-paris-et-ecroue-pour-association-de-malfaiteurs-terroriste-2","status":"publish","type":"post","link":"https:\/\/www.europesays.com\/fr\/504522\/","title":{"rendered":"Un Afghan de 20 ans mis en examen \u00e0 Paris et \u00e9crou\u00e9 pour association de malfaiteurs terroriste"},"content":{"rendered":"<p class=\"mb-4 text-lg md:leading-8 break-words\">Un homme \u00e2g\u00e9 de 20 ans et n\u00e9 en <a href=\"https:\/\/www.bfmtv.com\/tech\/actualites\/reseaux-sociaux\/comment-les-talibans-veulent-redorer-l-image-de-l-afghanistan-sur-internet-et-les-reseaux-sociaux_AN-202510180041.html\" rel=\"nofollow noopener\" target=\"_blank\" data-ylk=\"slk:Afghanistan;elm:context_link;itc:0;sec:content-canvas\" class=\"link \">Afghanistan <\/a>a \u00e9t\u00e9 mis en examen \u00e0 Paris pour participation \u00e0 une association de malfaiteurs terroriste criminelle et financement d&rsquo;entreprise terroriste, et plac\u00e9 en d\u00e9tention provisoire, a indiqu\u00e9 samedi \u00e0 l&rsquo;AFP le parquet national antiterroriste (Pnat).<\/p>\n<p class=\"mb-4 text-lg md:leading-8 break-words\">\u00ab\u00a0Manifestement adh\u00e9rent \u00e0 l&rsquo;id\u00e9ologie jihadiste, il est soup\u00e7onn\u00e9 d&rsquo;avoir \u00e9t\u00e9 en lien avec l&rsquo;EI-K (Etat islamique au Khorassan), notamment par l&rsquo;envoi de fonds et \u00e0 des fins de traduction et de relais de la propagande de cette organisation terroriste\u00a0\u00bb, a pr\u00e9cis\u00e9 le parquet antiterroriste.<\/p>\n<p>Interpell\u00e9 \u00e0 Lyon le 26 octobre<\/p>\n<p class=\"mb-4 text-lg md:leading-8 break-words\">Selon <a href=\"https:\/\/www.leparisien.fr\/faits-divers\/un-afghan-de-20-ans-soupconne-detre-un-relais-en-france-dune-branche-active-et-meurtriere-de-daech-arrete-a-lyon-01-11-2025-O6IHMI2DFJGXDEM4LVGPGUW4K4.php\" rel=\"nofollow noopener\" target=\"_blank\" data-ylk=\"slk:Le Parisien;elm:context_link;itc:0;sec:content-canvas\" class=\"link \">Le Parisien<\/a>, qui a r\u00e9v\u00e9l\u00e9 l&rsquo;information, ce jeune Afghan, arriv\u00e9 en France il y a quelques ann\u00e9es, a \u00e9t\u00e9 arr\u00eat\u00e9 dans un centre de r\u00e9tention administrative de Lyon par les policiers de la Direction g\u00e9n\u00e9rale de la s\u00e9curit\u00e9 int\u00e9rieure (DGSI).<\/p>\n<p class=\"mb-4 text-lg md:leading-8 break-words\">D&rsquo;apr\u00e8s le journal, les investigations d\u00e9montrent que \u00ab\u00a0le suspect, d\u00e9j\u00e0 sous le coup d&rsquo;une proc\u00e9dure pour apologie du terrorisme, \u00e9ditait et diffusait la propagande de l&rsquo;EI-K sur les r\u00e9seaux sociaux pris\u00e9s des jeunes tels que TikTok ou Snapchat\u00a0\u00bb, et ont mis au jour des \u00ab\u00a0circuits de financement en direction de l&rsquo;\u00e9tranger, vraisemblablement vers des jihadistes de cette branche afghane de Daech\u00a0\u00bb.<\/p>\n<p class=\"mb-4 text-lg md:leading-8 break-words\">La \u00ab\u00a0menace jihadiste repr\u00e9sente 80% des proc\u00e9dures\u00a0\u00bb diligent\u00e9es par le Pnat, avait rappel\u00e9 mi-septembre 2024 le procureur antiterroriste Olivier Christen. \u00ab\u00a0Au premier semestre 2024, il y avait eu \u00e0 peu pr\u00e8s trois fois plus de proc\u00e9dures\u00a0\u00bb de ce type que sur la m\u00eame p\u00e9riode en 2023, avait-il ajout\u00e9.<\/p>\n<p>La \u00ab\u00a0reconfiguration\u00a0\u00bb du groupe \u00c9tat islamique<\/p>\n<p class=\"mb-4 text-lg md:leading-8 break-words\">Cet accroissement s&rsquo;explique d&rsquo;apr\u00e8s lui par le \u00ab\u00a0contexte g\u00e9opolitique\u00a0\u00bb, mais aussi par \u00ab\u00a0la reconfiguration notamment en Afghanistan\u00a0\u00bb du groupe Etat islamique. En septembre 2024, deux attaques du groupe EI-K, la branche r\u00e9gionale de l&rsquo;EI en Afghanistan, ont tu\u00e9 une vingtaine de personnes dans ce pays. L&rsquo;attaque la plus meurtri\u00e8re de l&rsquo;EI-K avait fait 145 morts en mars dans une salle de concert \u00e0 Moscou.<\/p>\n<p class=\"mb-4 text-lg md:leading-8 break-words\">\u00ab\u00a0L&rsquo;EI-K s&rsquo;est impos\u00e9 comme la branche de l&rsquo;EI la plus tourn\u00e9e vers l&rsquo;international. Il a produit de la propagande dans plus de langues que n&rsquo;importe quelle autre filiale depuis l&rsquo;apog\u00e9e du califat (autoproclam\u00e9) en Irak en Syrie\u00a0\u00bb, avait soulign\u00e9 Lucas Webber, cofondateur du site sp\u00e9cialis\u00e9 Militant Wire. \u00ab\u00a0Cette vision internationale inclut une campagne ambitieuse et agressive pour renforcer ses capacit\u00e9s op\u00e9rationnelles ext\u00e9rieures et frapper ses diff\u00e9rents ennemis \u00e0 l&rsquo;\u00e9tranger\u00a0\u00bb.<\/p>\n<p class=\"mb-4 text-lg md:leading-8 break-words\">L&rsquo;EI-K est depuis longtemps dans le viseur des polices et services de renseignement occidentaux mais aussi russes.<\/p>\n<p class=\"mb-4 text-lg md:leading-8 break-words\"><a href=\"https:\/\/www.bfmtv.com\/police-justice\/un-afghan-de-20-ans-mis-en-examen-a-paris-et-ecroue-pour-association-de-malfaiteurs-terroriste_AD-202511010222.html#xtor=AL-68\" rel=\"nofollow noopener\" target=\"_blank\" data-ylk=\"slk:Article original publi\u00e9 sur BFMTV.com;elm:context_link;itc:0;sec:content-canvas\" class=\"link \">Article original publi\u00e9 sur BFMTV.com<\/a><\/p>\n","protected":false},"excerpt":{"rendered":"Un homme \u00e2g\u00e9 de 20 ans et n\u00e9 en Afghanistan a \u00e9t\u00e9 mis en examen \u00e0 Paris pour&hellip;\n","protected":false},"author":2,"featured_media":504523,"comment_status":"","ping_status":"","sticky":false,"template":"","format":"standard","meta":{"footnotes":""},"categories":[1888],"tags":[1111,1928,11,1927,598,5815,26549,1777,674,62636,1011,27,12,1926,62635,626,1925,25,32862],"class_list":{"0":"post-504522","1":"post","2":"type-post","3":"status-publish","4":"format-standard","5":"has-post-thumbnail","7":"category-paris","8":"tag-actu","9":"tag-actu-paris","10":"tag-actualites","11":"tag-actualites-paris","12":"tag-afghanistan","13":"tag-association-de-malfaiteurs","14":"tag-centre-de-retention-administrative","15":"tag-eu","16":"tag-europe","17":"tag-financement-dentreprise","18":"tag-fr","19":"tag-france","20":"tag-news","21":"tag-news-paris","22":"tag-organisation-terroriste","23":"tag-paris","24":"tag-paris-news","25":"tag-republique-francaise","26":"tag-salle-de-concert"},"share_on_mastodon":{"url":"https:\/\/pubeurope.com\/@fr\/115474453320547008","error":""},"_links":{"self":[{"href":"https:\/\/www.europesays.com\/fr\/wp-json\/wp\/v2\/posts\/504522","targetHints":{"allow":["GET"]}}],"collection":[{"href":"https:\/\/www.europesays.com\/fr\/wp-json\/wp\/v2\/posts"}],"about":[{"href":"https:\/\/www.europesays.com\/fr\/wp-json\/wp\/v2\/types\/post"}],"author":[{"embeddable":true,"href":"https:\/\/www.europesays.com\/fr\/wp-json\/wp\/v2\/users\/2"}],"replies":[{"embeddable":true,"href":"https:\/\/www.europesays.com\/fr\/wp-json\/wp\/v2\/comments?post=504522"}],"version-history":[{"count":0,"href":"https:\/\/www.europesays.com\/fr\/wp-json\/wp\/v2\/posts\/504522\/revisions"}],"wp:featuredmedia":[{"embeddable":true,"href":"https:\/\/www.europesays.com\/fr\/wp-json\/wp\/v2\/media\/504523"}],"wp:attachment":[{"href":"https:\/\/www.europesays.com\/fr\/wp-json\/wp\/v2\/media?parent=504522"}],"wp:term":[{"taxonomy":"category","embeddable":true,"href":"https:\/\/www.europesays.com\/fr\/wp-json\/wp\/v2\/categories?post=504522"},{"taxonomy":"post_tag","embeddable":true,"href":"https:\/\/www.europesays.com\/fr\/wp-json\/wp\/v2\/tags?post=504522"}],"curies":[{"name":"wp","href":"https:\/\/api.w.org\/{rel}","templated":true}]}}