{"id":504524,"date":"2025-11-01T12:31:11","date_gmt":"2025-11-01T12:31:11","guid":{"rendered":"https:\/\/www.europesays.com\/fr\/504524\/"},"modified":"2025-11-01T12:31:11","modified_gmt":"2025-11-01T12:31:11","slug":"spanakopita-puree-de-fava-et-moussaka-ces-deux-soeurs-font-rayonner-la-cuisine-grecque-a-paris-depuis-20-ans","status":"publish","type":"post","link":"https:\/\/www.europesays.com\/fr\/504524\/","title":{"rendered":"Spanakopita, pur\u00e9e de fava et moussaka\u2026 Ces deux s\u0153urs font rayonner la cuisine grecque \u00e0 Paris depuis 20\u00a0ans"},"content":{"rendered":"<p class=\"paragraph text_align_left lp-f-body-02\">Si <a href=\"https:\/\/www.leparisien.fr\/bien-manger\/simple-genereuse-dans-lair-du-temps-voici-pourquoi-on-aime-tant-la-cuisine-grecque-19-07-2025-L2S3L6XXMNAM5EUODCILUBRGHQ.php\" target=\"_self\" rel=\"nofollow noopener\">la cuisine grecque<\/a> d\u00e9ferle sur Paris depuis quelques ann\u00e9es, elle le doit \u00e0 quelques pionniers qui lui ont donn\u00e9 leurs lettres de noblesse. <a href=\"https:\/\/www.leparisien.fr\/paris-75\/restaurant-epicerie-cave-a-vin-on-se-presse-au-nouveau-spot-mavrommatis-ambassadeur-de-la-grece-a-paris-10-04-2025-VWNY3DOZQBBUVDUKNRZPZYRQ3I.php\" target=\"_self\" rel=\"nofollow noopener\">Le chef \u00e9toil\u00e9 Andr\u00e9as Mavrommatis<\/a>, dans le restaurant \u00e9ponyme (42, rue Daubenton, Paris Ve) a ouvert la voie, suivi par de nouvelles toques notamment f\u00e9minines, port\u00e9es par Mikaela Liaroutsos (Etsi, 23, rue Eug\u00e8ne-Carri\u00e8re, Paris XVIIIe) ou Dina Nikolaou, qui f\u00eate cette ann\u00e9e les 20 ans d\u2019Evi Evane (10, rue Guisarde, Paris VIe). Un anniversaire qui se f\u00eate en famille, \u00e0 l\u2019image de cette institution nich\u00e9e au c\u0153ur de la rue de la soif, ch\u00e8re aux rugbymans.<\/p>\n","protected":false},"excerpt":{"rendered":"Si la cuisine grecque d\u00e9ferle sur Paris depuis quelques ann\u00e9es, elle le doit \u00e0 quelques pionniers qui lui&hellip;\n","protected":false},"author":2,"featured_media":504525,"comment_status":"","ping_status":"","sticky":false,"template":"","format":"standard","meta":{"footnotes":""},"categories":[1888],"tags":[11,872,1777,674,1011,27,1944,12,626,25],"class_list":{"0":"post-504524","1":"post","2":"type-post","3":"status-publish","4":"format-standard","5":"has-post-thumbnail","7":"category-paris","8":"tag-actualites","9":"tag-culture-et-loisirs","10":"tag-eu","11":"tag-europe","12":"tag-fr","13":"tag-france","14":"tag-ma-ville","15":"tag-news","16":"tag-paris","17":"tag-republique-francaise"},"share_on_mastodon":{"url":"https:\/\/pubeurope.com\/@fr\/115474457179893197","error":""},"_links":{"self":[{"href":"https:\/\/www.europesays.com\/fr\/wp-json\/wp\/v2\/posts\/504524","targetHints":{"allow":["GET"]}}],"collection":[{"href":"https:\/\/www.europesays.com\/fr\/wp-json\/wp\/v2\/posts"}],"about":[{"href":"https:\/\/www.europesays.com\/fr\/wp-json\/wp\/v2\/types\/post"}],"author":[{"embeddable":true,"href":"https:\/\/www.europesays.com\/fr\/wp-json\/wp\/v2\/users\/2"}],"replies":[{"embeddable":true,"href":"https:\/\/www.europesays.com\/fr\/wp-json\/wp\/v2\/comments?post=504524"}],"version-history":[{"count":0,"href":"https:\/\/www.europesays.com\/fr\/wp-json\/wp\/v2\/posts\/504524\/revisions"}],"wp:featuredmedia":[{"embeddable":true,"href":"https:\/\/www.europesays.com\/fr\/wp-json\/wp\/v2\/media\/504525"}],"wp:attachment":[{"href":"https:\/\/www.europesays.com\/fr\/wp-json\/wp\/v2\/media?parent=504524"}],"wp:term":[{"taxonomy":"category","embeddable":true,"href":"https:\/\/www.europesays.com\/fr\/wp-json\/wp\/v2\/categories?post=504524"},{"taxonomy":"post_tag","embeddable":true,"href":"https:\/\/www.europesays.com\/fr\/wp-json\/wp\/v2\/tags?post=504524"}],"curies":[{"name":"wp","href":"https:\/\/api.w.org\/{rel}","templated":true}]}}