{"id":504532,"date":"2025-11-01T12:35:23","date_gmt":"2025-11-01T12:35:23","guid":{"rendered":"https:\/\/www.europesays.com\/fr\/504532\/"},"modified":"2025-11-01T12:35:23","modified_gmt":"2025-11-01T12:35:23","slug":"la-fuite-des-etudiants-etrangers-pourrait-couter-cher-aux-etats-unis","status":"publish","type":"post","link":"https:\/\/www.europesays.com\/fr\/504532\/","title":{"rendered":"La fuite des \u00e9tudiants \u00e9trangers pourrait co\u00fbter cher aux \u00c9tats-Unis"},"content":{"rendered":"<p>                            Informations cl\u00e9s de l&rsquo;article<\/p>\n<p>La chute des inscriptions d\u2019\u00e9tudiants \u00e9trangers aux \u00c9tats-Unis, la plus forte depuis 2019, menace la comp\u00e9titivit\u00e9 et les finances.<\/p>\n<p>Ce d\u00e9clin s\u2019explique par des visas difficiles \u00e0 obtenir, un climat politique hostile et des tensions g\u00e9opolitiques.<\/p>\n<p>Les universit\u00e9s am\u00e9ricaines voient affluer moins d\u2019\u00e9tudiants \u00e9trangers, une tendance inqui\u00e9tante pour leur rayonnement. Cette baisse historique pourrait co\u00fbter cher \u00e0 la comp\u00e9titivit\u00e9 future du pays. MCE vous raconte tout de A \u00e0 Z.<\/p>\n<p>De moins en moins d\u2019\u00e9tudiants \u00e9trangers aux USA<\/p>\n<p>Le <strong>pays de l\u2019Oncle Sam perd peu \u00e0 peu de son magn\u00e9tisme<\/strong> aupr\u00e8s des \u00e9tudiants internationaux. Les campus am\u00e9ricains enregistrent la plus forte chute d\u2019inscriptions depuis la pand\u00e9mie de 2019. Cette baisse interpelle le monde de l\u2019enseignement sup\u00e9rieur.<\/p>\n<p>En effet, elle soul\u00e8ve des questions sur l\u2019attractivit\u00e9 durable des universit\u00e9s. Le New York Times a donc tir\u00e9 la sonnette d\u2019alarme sur ce ph\u00e9nom\u00e8ne. Le prestige des dipl\u00f4mes am\u00e9ricains semble avoir perdu de son \u00e9clat.<\/p>\n<p>Selon The New York Times, plus de 70 % des \u00e9tudiants \u00e9trangers inscrits dans les universit\u00e9s am\u00e9ricaines sont originaires d\u2019Asie. Mais le <strong>nombre<\/strong> <strong>d\u2019\u00e9tudiants asiatiques en ao\u00fbt a diminu\u00e9 de 24 %.<\/strong> Le nombre d\u2019universitaires indiens a aussi chut\u00e9 de 44 % par rapport \u00e0 2024.<\/p>\n<p>Pour les chinois, leur <a href=\"https:\/\/mcetv.ouest-france.fr\/2025\/parcoursup-2026-les-dates-cles-a-ne-surtout-pas-rater-pour-reussir-votre-inscription-14102025\/\" rel=\"nofollow noopener\" target=\"_blank\">nombre n\u2019a pas cess\u00e9 de baisser depuis 2019<\/a>. Et ce, \u00e0 cause des tensions entre les deux pays. Il en est de m\u00eame pour ceux d\u2019Am\u00e9rique du Sud ou du Moyen-Orient.<\/p>\n<p>Il y a une <strong>baisse du nombre de ressortissants \u00e9miratis<\/strong> qui est tr\u00e8s importante. H\u00e9las, ce d\u00e9clin n\u2019est pas sans cons\u00e9quence. L\u2019enjeu d\u00e9passe largement le simple cadre universitaire. C\u2019est la position de leader des \u00c9tats-Unis qui se joue dans cette bataille.<\/p>\n<p>Sans \u00e9tudiants \u00e9trangers, c\u2019est donc un pan <a href=\"https:\/\/mcetv.ouest-france.fr\/2025\/les-etudiants-espionnes-et-en-danger-la-suite-microsoft-365-vous-traque-a-votre-insu-14102025\/\" rel=\"nofollow noopener\" target=\"_blank\">entier de l\u2019influence am\u00e9ricaine qui vacille<\/a>. L\u2019urgence est donc bien r\u00e9elle.<\/p>\n<p>Les racines du probl\u00e8me<\/p>\n<p>Les raisons de ce d\u00e9clin sont multiples et s\u2019enchev\u00eatrent. Les retards chroniques dans la <strong>d\u00e9livrance<\/strong> <strong>des<\/strong> <strong>visas dissuadent de nombreux \u00e9tudiants<\/strong>. Ces lourdeurs administratives deviennent un premier frein. Elles d\u00e9couragent les plus motiv\u00e9s.<\/p>\n<p>L\u2019administration am\u00e9ricaine a aussi durci le ton. Elle a pris des mesures de r\u00e9torsion envers des pays comme la Chine. Ces <a href=\"https:\/\/mcetv.ouest-france.fr\/2025\/top-10-des-jobs-etudiants-qui-rapportent-le-plus-en-2025-et-ou-les-trouver-25022025\/\" rel=\"nofollow noopener\" target=\"_blank\">d\u00e9cisions politiques cr\u00e9ent un climat de m\u00e9fiance<\/a>. Les \u00e9tudiants potentiels se sentent donc ind\u00e9sirables.<\/p>\n<p>Les tensions g\u00e9opolitiques internationales jouent un r\u00f4le non n\u00e9gligeable. Elles complexifient les relations entre les nations. Le <strong>choix d\u2019\u00e9tudier devient alors un acte politique<\/strong>. Cela rebute les familles soucieuses de stabilit\u00e9.<\/p>\n<p>                    <img width=\"360\" height=\"201\" src=\"https:\/\/www.europesays.com\/fr\/wp-content\/uploads\/2025\/11\/Une-etudiante-ose-demander-un-stage-a-Emmanuel-Macron-la-suite-est-etonnante-360x201.jpeg.webp.webp\" class=\"attachment-thumbnail size-thumbnail\" alt=\"Une \u00e9tudiante ose demander un stage \u00e0 Emmanuel Macron, la suite est \u00e9tonnante\" loading=\"lazy\" decoding=\"async\"  \/>            <\/p>\n<p>        Une \u00e9tudiante ose demander un stage \u00e0 Emmanuel Macron, la suite est \u00e9tonnante<\/p>\n<p>                31\/10\/2025\n        <\/p>\n<p>        <a href=\"https:\/\/mcetv.ouest-france.fr\/2025\/etudiante-emmanuel-macron-31102025\/\" target=\"_blank\" rel=\"nofollow noopener\">Lire la suite de Une \u00e9tudiante ose demander un stage \u00e0 Emmanuel Macron, la suite est \u00e9tonnante<\/a><\/p>\n<p>En mars dernier, le gouvernement a tent\u00e9 d\u2019expulser des jeunes qui avaient exprim\u00e9 leur soutien \u00e0 la Palestine. <a href=\"https:\/\/www.courrierinternational.com\/article\/universites-aux-etats-unis-la-baisse-du-nombre-d-etudiants-etrangers-aura-des-consequences-sur-la-competitivite_236383\" target=\"_blank\" rel=\"noopener nofollow\">Selon le Courrier International<\/a>, le D\u00e9partement d\u2019\u00c9tat a annul\u00e9 plus de 1 500 visas en avril. Et ce, juste avant de les r\u00e9tablir.<\/p>\n<p>En mai, l\u2019Etat a annonc\u00e9 qu\u2019il \u201callait r\u00e9voquer les visas des \u00e9tudiants chinois. En juin, il a exig\u00e9 des demandeurs de visas \u00e9tudiants de rendre publics leurs profils sur les r\u00e9seaux sociaux afin de proc\u00e9der \u00e0 un \u201ccontr\u00f4le approfondi et rigoureux\u201d.<\/p>\n<p>\u00c0 terme, cette situation aura des effets d\u00e9l\u00e9t\u00e8res sur l\u2019\u00e9conomie nationale. Les \u00e9tudiants \u00e9trangers contribuent financi\u00e8rement de mani\u00e8re substantielle. Leurs <strong>frais de scolarit\u00e9 irriguent le syst\u00e8me \u00e9ducatif<\/strong>. Leur pouvoir d\u2019achat soutient l\u2019\u00e9conomie locale.<\/p>\n<p>\u201cJusqu\u2019\u00e0 pr\u00e9sent, plus des trois quarts des \u00e9tudiants \u00e9trangers qui r\u00e9ussissaient \u00e0 d\u00e9crocher un dipl\u00f4me de troisi\u00e8me cycle dans ces disciplines restaient travailler aux \u00c9tats-Unis\u201d, d\u00e9clare le New York Times. Cela pourrait donc diminuer la comp\u00e9titivit\u00e9 du pays.<\/p>\n<p>Publi\u00e9 le 01\/11\/2025<\/p>\n","protected":false},"excerpt":{"rendered":"Informations cl\u00e9s de l&rsquo;article La chute des inscriptions d\u2019\u00e9tudiants \u00e9trangers aux \u00c9tats-Unis, la plus forte depuis 2019, menace&hellip;\n","protected":false},"author":2,"featured_media":504533,"comment_status":"","ping_status":"","sticky":false,"template":"","format":"standard","meta":{"footnotes":""},"categories":[1589],"tags":[11,73,1866,12,1864,1865,1863,308],"class_list":{"0":"post-504532","1":"post","2":"type-post","3":"status-publish","4":"format-standard","5":"has-post-thumbnail","7":"category-etats-unis","8":"tag-actualites","9":"tag-etats-unis","10":"tag-etats-unis-damerique","11":"tag-news","12":"tag-united-states","13":"tag-united-states-of-america","14":"tag-us","15":"tag-usa"},"share_on_mastodon":{"url":"https:\/\/pubeurope.com\/@fr\/115474473586105686","error":""},"_links":{"self":[{"href":"https:\/\/www.europesays.com\/fr\/wp-json\/wp\/v2\/posts\/504532","targetHints":{"allow":["GET"]}}],"collection":[{"href":"https:\/\/www.europesays.com\/fr\/wp-json\/wp\/v2\/posts"}],"about":[{"href":"https:\/\/www.europesays.com\/fr\/wp-json\/wp\/v2\/types\/post"}],"author":[{"embeddable":true,"href":"https:\/\/www.europesays.com\/fr\/wp-json\/wp\/v2\/users\/2"}],"replies":[{"embeddable":true,"href":"https:\/\/www.europesays.com\/fr\/wp-json\/wp\/v2\/comments?post=504532"}],"version-history":[{"count":0,"href":"https:\/\/www.europesays.com\/fr\/wp-json\/wp\/v2\/posts\/504532\/revisions"}],"wp:featuredmedia":[{"embeddable":true,"href":"https:\/\/www.europesays.com\/fr\/wp-json\/wp\/v2\/media\/504533"}],"wp:attachment":[{"href":"https:\/\/www.europesays.com\/fr\/wp-json\/wp\/v2\/media?parent=504532"}],"wp:term":[{"taxonomy":"category","embeddable":true,"href":"https:\/\/www.europesays.com\/fr\/wp-json\/wp\/v2\/categories?post=504532"},{"taxonomy":"post_tag","embeddable":true,"href":"https:\/\/www.europesays.com\/fr\/wp-json\/wp\/v2\/tags?post=504532"}],"curies":[{"name":"wp","href":"https:\/\/api.w.org\/{rel}","templated":true}]}}