{"id":504536,"date":"2025-11-01T12:37:26","date_gmt":"2025-11-01T12:37:26","guid":{"rendered":"https:\/\/www.europesays.com\/fr\/504536\/"},"modified":"2025-11-01T12:37:26","modified_gmt":"2025-11-01T12:37:26","slug":"allemagne-les-vols-suspendus-pendant-pres-de-deux-heures-a-laeroport-de-berlin-apres-une-alerte-aux-drones","status":"publish","type":"post","link":"https:\/\/www.europesays.com\/fr\/504536\/","title":{"rendered":"Allemagne. Les vols suspendus pendant pr\u00e8s de deux heures \u00e0 l&rsquo;a\u00e9roport de Berlin, apr\u00e8s une alerte aux drones"},"content":{"rendered":"<p>Les vols ont \u00e9t\u00e9 suspendus pendant pr\u00e8s de deux heures vendredi soir \u00e0 l&rsquo;a\u00e9roport de Berlin-Brandebourg \u00e0 cause de la pr\u00e9sence de drones, une alerte suppl\u00e9mentaire sur cette menace qui inqui\u00e8te les Europ\u00e9ens et les pousse \u00e0 renforcer leur d\u00e9fense. \u00ab Tout un tas de vols \u00bb ont \u00e9t\u00e9 d\u00e9tourn\u00e9s vers d&rsquo;autres villes allemandes avant que l&rsquo;interdiction des vols de nuit \u00e0 Berlin ne soit ensuite assouplie afin d&rsquo;att\u00e9nuer l&rsquo;impact sur les op\u00e9rations a\u00e9riennes, a pr\u00e9cis\u00e9 un porte-parole de l&rsquo;a\u00e9roport de la capitale allemande. \u00ab Nous supposons que le danger est \u00e9cart\u00e9 pour le moment \u00bb, a-t-il ajout\u00e9.<\/p>\n<p>La police locale a confirm\u00e9 avoir \u00e9t\u00e9 inform\u00e9e de la pr\u00e9sence d&rsquo;un drone et a indiqu\u00e9 avoir d\u00e9ploy\u00e9 sur place un h\u00e9licopt\u00e8re et une voiture de patrouille. Cette derni\u00e8re a pu voir l&rsquo;appareil, mais n&rsquo;a pas pu identifier son op\u00e9rateur. Les dirigeants allemands ont alert\u00e9 \u00e0 plusieurs reprises au sujet de la menace croissante que repr\u00e9sentent les drones, apr\u00e8s une s\u00e9rie d&rsquo;incursions d&rsquo;appareils non identifi\u00e9s dans des a\u00e9roports et des sites militaires sensibles cette ann\u00e9e.<\/p>\n<p>\u00ab\u00a0Probablement orchestr\u00e9e par la Russie \u00bb<\/p>\n<p>L&rsquo;Allemagne, l&rsquo;un des principaux soutiens \u00e0 l&rsquo;Ukraine dans sa lutte contre la Russie, a point\u00e9 du doigt Moscou pour l&rsquo;augmentation de l&rsquo;activit\u00e9 des drones. De multiples observations de drones ont \u00e9t\u00e9 signal\u00e9es ces derniers mois au-dessus de bases militaires, de sites industriels et d&rsquo;autres infrastructures critiques en Allemagne.<\/p>\n<p>D\u00e9but octobre, des drones rep\u00e9r\u00e9s au-dessus de Munich ont provoqu\u00e9 \u00e0 deux reprises la fermeture de l&rsquo;a\u00e9roport de la ville. Des drones ont \u00e9galement \u00e9t\u00e9 aper\u00e7us <a href=\"https:\/\/www.ledauphine.com\/defense-guerre-conflit\/2025\/09\/27\/apres-les-aeroports-des-drones-non-identifies-suvrolent-la-plus-grande-base-militaire-du-pays\" target=\"_blank\" rel=\"noopener\">au-dessus d&rsquo;a\u00e9roports<\/a> et <a href=\"https:\/\/www.ledauphine.com\/defense-guerre-conflit\/2025\/09\/28\/plusieurs-sites-militaires-a-nouveau-survoles-par-des-drones-d-origine-inconnue\" target=\"_blank\" rel=\"noopener\">de sites militaires<\/a> au Danemark et en Norv\u00e8ge, les soup\u00e7ons se portant \u00e9galement sur Moscou, qui nie toute implication.<\/p>\n<p>\u00ab Nous n&rsquo;en sommes pas encore s\u00fbrs, mais une partie essentielle de ces actions est probablement orchestr\u00e9e par la Russie \u00bb, avait d\u00e9clar\u00e9 d\u00e9but octobre le chancelier <a href=\"https:\/\/www.ledauphine.com\/p\/friedrich-merz\" target=\"_blank\" rel=\"noopener\">Friedrich Merz<\/a> sur la chaine publique ARD, en r\u00e9f\u00e9rence aux incidents de Munich et de l&rsquo;a\u00e9roport de Copenhague fin septembre. D\u00e9non\u00e7ant des \u00ab tentatives d&rsquo;espionnage et de d\u00e9stabilisation \u00bb, il avait pr\u00e9cis\u00e9 que l&rsquo;Allemagne surveillait attentivement la \u00ab flotte fant\u00f4me russe \u00bb stationn\u00e9e dans la mer Baltique, suspect\u00e9e d&rsquo;\u00eatre impliqu\u00e9 dans ces incursions.<\/p>\n<p>\u00ab Mur antidrones \u00bb<\/p>\n<p>Le ministre de l&rsquo;Int\u00e9rieur Alexander Dobrindt a appel\u00e9 \u00e0 \u00ab trouver de nouvelles r\u00e9ponses \u00e0 cette menace hybride \u00bb, notamment en renfor\u00e7ant ses capacit\u00e9s de d\u00e9tection, d&rsquo;\u00e9valuation et \u00e9ventuellement de destruction des appareils sans pilotes. Le gouvernement allemand a entam\u00e9 en octobre une r\u00e9vision des lois r\u00e9gissant la s\u00e9curit\u00e9 a\u00e9rienne du pays. L&rsquo;objectif est de permettre \u00e0 l&rsquo;arm\u00e9e allemande, et non plus seulement la police, d&rsquo;abattre les drones.<\/p>\n<p>Au niveau de l&rsquo;Union europ\u00e9enne, <a href=\"https:\/\/www.ledauphine.com\/defense-guerre-conflit\/2025\/09\/26\/nous-devons-agir-rapidement-comment-l-europe-veut-se-doter-d-un-bouclier-contre-les-drones\" target=\"_blank\" rel=\"noopener\">la Commission veut mettre en place un \u00ab mur antidrones \u00bb<\/a>, qui serait pleinement op\u00e9rationnel d&rsquo;ici \u00e0 2027, mais ce projet est accueilli avec scepticisme par certains pays membres. La r\u00e9ponse de l&rsquo;Otan \u00e0 l&rsquo;entr\u00e9e d&rsquo;une vingtaine de drones russes dans l&rsquo;espace a\u00e9rien de la Pologne avait mis en \u00e9vidence les lacunes dans l&rsquo;arsenal europ\u00e9en. Pour abattre trois de ces drones, l&rsquo;Otan avait d\u00fb recourir \u00e0 de co\u00fbteux missiles.<\/p>\n","protected":false},"excerpt":{"rendered":"Les vols ont \u00e9t\u00e9 suspendus pendant pr\u00e8s de deux heures vendredi soir \u00e0 l&rsquo;a\u00e9roport de Berlin-Brandebourg \u00e0 cause&hellip;\n","protected":false},"author":2,"featured_media":504537,"comment_status":"","ping_status":"","sticky":false,"template":"","format":"standard","meta":{"footnotes":""},"categories":[1587],"tags":[11,672,1804,1805,3206,1803,1777,674,274,107,329,1801,12,1802],"class_list":{"0":"post-504536","1":"post","2":"type-post","3":"status-publish","4":"format-standard","5":"has-post-thumbnail","7":"category-allemagne","8":"tag-actualites","9":"tag-allemagne","10":"tag-bundesrepublik-deutschland","11":"tag-de","12":"tag-defense-guerre-conflit","13":"tag-deutschland","14":"tag-eu","15":"tag-europe","16":"tag-faits-divers-justice","17":"tag-fil-info","18":"tag-france-monde","19":"tag-germany","20":"tag-news","21":"tag-republique-federale-dallemagne"},"share_on_mastodon":{"url":"https:\/\/pubeurope.com\/@fr\/115474481120081771","error":""},"_links":{"self":[{"href":"https:\/\/www.europesays.com\/fr\/wp-json\/wp\/v2\/posts\/504536","targetHints":{"allow":["GET"]}}],"collection":[{"href":"https:\/\/www.europesays.com\/fr\/wp-json\/wp\/v2\/posts"}],"about":[{"href":"https:\/\/www.europesays.com\/fr\/wp-json\/wp\/v2\/types\/post"}],"author":[{"embeddable":true,"href":"https:\/\/www.europesays.com\/fr\/wp-json\/wp\/v2\/users\/2"}],"replies":[{"embeddable":true,"href":"https:\/\/www.europesays.com\/fr\/wp-json\/wp\/v2\/comments?post=504536"}],"version-history":[{"count":0,"href":"https:\/\/www.europesays.com\/fr\/wp-json\/wp\/v2\/posts\/504536\/revisions"}],"wp:featuredmedia":[{"embeddable":true,"href":"https:\/\/www.europesays.com\/fr\/wp-json\/wp\/v2\/media\/504537"}],"wp:attachment":[{"href":"https:\/\/www.europesays.com\/fr\/wp-json\/wp\/v2\/media?parent=504536"}],"wp:term":[{"taxonomy":"category","embeddable":true,"href":"https:\/\/www.europesays.com\/fr\/wp-json\/wp\/v2\/categories?post=504536"},{"taxonomy":"post_tag","embeddable":true,"href":"https:\/\/www.europesays.com\/fr\/wp-json\/wp\/v2\/tags?post=504536"}],"curies":[{"name":"wp","href":"https:\/\/api.w.org\/{rel}","templated":true}]}}