{"id":50454,"date":"2025-04-25T00:20:12","date_gmt":"2025-04-25T00:20:12","guid":{"rendered":"https:\/\/www.europesays.com\/fr\/50454\/"},"modified":"2025-04-25T00:20:12","modified_gmt":"2025-04-25T00:20:12","slug":"un-nouveau-titre-pour-le-nuc-et-bertolacci-rts-ch","status":"publish","type":"post","link":"https:\/\/www.europesays.com\/fr\/50454\/","title":{"rendered":"Un nouveau titre pour le NUC et Bertolacci &#8211; rts.ch"},"content":{"rendered":"<p>Sixi\u00e8me titre national de rang pour le NUC! Devant leur public, les Neuch\u00e2teloises n\u2019ont pas laiss\u00e9 passer l\u2019occasion de conclure leur finale devant Kanti Schaffhouse sur une troisi\u00e8me victoire en trois matches.<\/p>\n<p>Le NUC s\u2019est impos\u00e9 en quatre sets, 25-15 23-25 25-18 25-21, pour pr\u00e9server son invincibilit\u00e9 en 2025. Cet acte III fut le dernier match pour Lauren Bertolacci \u00e0 la t\u00eate du NUC. En fonction depuis 2018, la coach australienne quitte le club apr\u00e8s avoir enlev\u00e9 un&#8230; seizi\u00e8me troph\u00e9e. On n\u2019oubliera pas qu\u2019elle l\u2019a men\u00e9 l\u2019an dernier jusqu\u2019\u00e0 une finale europ\u00e9enne.<\/p>\n<p>Cette saison, Lauren Bertolacci et le NUC n&rsquo;ont connu qu&rsquo;une seule d\u00e9faite, en novembre \u00e0 Schaffhouse. Autant dire que leur domination fut \u00e9crasante.<\/p>\n<p class=\"sources\">ats\/tzing<\/p>\n","protected":false},"excerpt":{"rendered":"Sixi\u00e8me titre national de rang pour le NUC! Devant leur public, les Neuch\u00e2teloises n\u2019ont pas laiss\u00e9 passer l\u2019occasion&hellip;\n","protected":false},"author":2,"featured_media":50455,"comment_status":"","ping_status":"","sticky":false,"template":"","format":"standard","meta":{"footnotes":""},"categories":[1417],"tags":[3062,1791,14306,1011,27,14307,3100,14308,1841,14309,517,60,1470,1632,1469],"class_list":{"0":"post-50454","1":"post","2":"type-post","3":"status-publish","4":"format-standard","5":"has-post-thumbnail","7":"category-volley","8":"tag-autres-sports","9":"tag-basket-ball","10":"tag-competition-sportive","11":"tag-fr","12":"tag-france","13":"tag-kanti-schaffhouse","14":"tag-lauren-bertolacci","15":"tag-lna-dames","16":"tag-neuchatel","17":"tag-neuchatel-kanti-schaffhouse","18":"tag-sport","19":"tag-sports","20":"tag-volley","21":"tag-volley-ball","22":"tag-volleyball"},"share_on_mastodon":{"url":"https:\/\/pubeurope.com\/@fr\/114395743747109448","error":""},"_links":{"self":[{"href":"https:\/\/www.europesays.com\/fr\/wp-json\/wp\/v2\/posts\/50454","targetHints":{"allow":["GET"]}}],"collection":[{"href":"https:\/\/www.europesays.com\/fr\/wp-json\/wp\/v2\/posts"}],"about":[{"href":"https:\/\/www.europesays.com\/fr\/wp-json\/wp\/v2\/types\/post"}],"author":[{"embeddable":true,"href":"https:\/\/www.europesays.com\/fr\/wp-json\/wp\/v2\/users\/2"}],"replies":[{"embeddable":true,"href":"https:\/\/www.europesays.com\/fr\/wp-json\/wp\/v2\/comments?post=50454"}],"version-history":[{"count":0,"href":"https:\/\/www.europesays.com\/fr\/wp-json\/wp\/v2\/posts\/50454\/revisions"}],"wp:featuredmedia":[{"embeddable":true,"href":"https:\/\/www.europesays.com\/fr\/wp-json\/wp\/v2\/media\/50455"}],"wp:attachment":[{"href":"https:\/\/www.europesays.com\/fr\/wp-json\/wp\/v2\/media?parent=50454"}],"wp:term":[{"taxonomy":"category","embeddable":true,"href":"https:\/\/www.europesays.com\/fr\/wp-json\/wp\/v2\/categories?post=50454"},{"taxonomy":"post_tag","embeddable":true,"href":"https:\/\/www.europesays.com\/fr\/wp-json\/wp\/v2\/tags?post=50454"}],"curies":[{"name":"wp","href":"https:\/\/api.w.org\/{rel}","templated":true}]}}