{"id":504549,"date":"2025-11-01T12:44:10","date_gmt":"2025-11-01T12:44:10","guid":{"rendered":"https:\/\/www.europesays.com\/fr\/504549\/"},"modified":"2025-11-01T12:44:10","modified_gmt":"2025-11-01T12:44:10","slug":"francois-garreau-a-quitte-ses-fonctions-de-president-du-stade-poitevin-lequipe","status":"publish","type":"post","link":"https:\/\/www.europesays.com\/fr\/504549\/","title":{"rendered":"Fran\u00e7ois Garreau a quitt\u00e9 ses fonctions de pr\u00e9sident du Stade Poitevin &#8211; L&#039;\u00c9quipe"},"content":{"rendered":"<ol>\n<li><a href=\"https:\/\/news.google.com\/rss\/articles\/CBMiwgFBVV95cUxPNS1TTlB1eWNwcFhhbHhRZ0NXbWpNOTcwUDJVRmNFbDBtZnlYbGU5UVBXOEpFR3poZGV2Z29SZS1MUnJlNWwxOV9ldWgwU212T2plQXN5OFhCa0l2dW05cHNxenltNlk1cEsyYWh5bkpUaENvMHNtcXZZcG5XV0tFOU44bkJDekxtdFpleElKS1BHX3dxMmtVdTRsYkgyMWdxTUpENkVocWxuQVk3Tkhha3k3XzBLM0ZtRFgtRUx2aWNsdw?oc=5\" target=\"_blank\" rel=\"nofollow noopener\">Fran\u00e7ois Garreau a quitt\u00e9 ses fonctions de pr\u00e9sident du Stade Poitevin<\/a>&nbsp;&nbsp;L&rsquo;\u00c9quipe<\/li>\n<li><a href=\"https:\/\/news.google.com\/rss\/articles\/CBMi5gFBVV95cUxOSThlRHFqNGVRTzZYNDBNVzIyS2l2RExVQW9VVi1aSnJZdVU5RlJjT3o2U0VHUFoxWkJHS193U0c3blVVN3Z0ZDVhMzk0N1A4Qmw2eFFUWG1aMEZxbjVMXzJNMy1SeTZlUURFMGxSbWdqNGVtT2p5c2FzSVBDUWpEN0lrTWNjQ3hlSVRQQTFfRGctaDNfWnVyeDJ2Snp2MFlCbUZVUlI2TXJIblRubFFSMXNCUHhuei1qQXJJbmFHTk9DWmRwbTdmV1BOX0VZTVRuVmVwSDVvWUFDNGxmRHpKS1FITnk1QQ?oc=5\" target=\"_blank\" rel=\"nofollow noopener\">MSL : pour le patron d\u2019Alterna, la d\u00e9mission du pr\u00e9sident du Stade Poitevin \u00ab\u00a0est une bonne d\u00e9cision\u00a0\u00bb<\/a>&nbsp;&nbsp;lanouvellerepublique.fr<\/li>\n<li><a href=\"https:\/\/news.google.com\/rss\/articles\/CBMi0wFBVV95cUxNMjA4bTU4dEdSTVk5QllQU2ZTT251WEczYzBRSzkyNHhfcHN0Z0JuWlNNZzV6Sy1RcTRXd0JQSG0xeEQ0TXZvNUJqUWlIWms4OElzLXYycHhuZ2xKR3pXWV9wTUJnLVNCaDNHbTBYQzhaR29nVjRza2psZ3ZZUUhrTEllMThjQUUwT2lUaEt4TjlpQkZnZ1BNaUxONHJzZXlnMXk0WURyYWcyUGlmMmRyZ1JFclVEd0JOZlNtRklYLUwwY0dDM1ZFR0tMOE40MUZOVmZV?oc=5\" target=\"_blank\" rel=\"nofollow noopener\">Poitiers : le pr\u00e9sident de l&rsquo;Alterna Stade Poitevin Volley-Ball d\u00e9missionne<\/a>&nbsp;&nbsp;francebleu.fr<\/li>\n<li><a href=\"https:\/\/news.google.com\/rss\/articles\/CBMilgFBVV95cUxORXk0NHpaTllmRmM0YURHMmUwcVgwaTJFS1Utdko4ZTh6cUIzdU1MelpkV28yVHF1bUFlSm5kVXlSS1BsamNQY0pUZDF1Wlg4NEEyUUpHX1JQa25lcmVXVVpZTURJMVRad2x4WUtJdUd1MDd4YjR2LXhPRHppODFSMzlZbURfV1FqVm50bDJFdTlUWGtSb3c?oc=5\" target=\"_blank\" rel=\"nofollow noopener\">Alterna SPVB : Fran\u00e7ois Garreau se retire de la pr\u00e9sidence<\/a>&nbsp;&nbsp;Le7.info<\/li>\n<li><a href=\"https:\/\/news.google.com\/rss\/articles\/CBMixwFBVV95cUxNMXYzelJ5WnB1ZXlqMnhUWWFRWTloc25rbldzUlQ3cXFKOHVnWFRlTHF0MjNGWUp0NURwRDhoMDFMZVF3czc3SWtYbUpnV2MyR3hMT3I5WHlvRm5tX3J0MWVyMDNySnVDTnl5UzZiSk9nbVNydzh3bE5jQnQzenpmSnpEbG1KOElZTTBLWHB1V0NNUW9Ub2xNbGU1Wi03UnJ4OWxVZXo4UTYwdXhqN2drNHhNbjlaNVVubmRCRXpZR3BDQkI5LWlV?oc=5\" target=\"_blank\" rel=\"nofollow noopener\">MSL : les raisons de la d\u00e9mission du pr\u00e9sident de l\u2019Alterna Stade Poitevin<\/a>&nbsp;&nbsp;lanouvellerepublique.fr<\/li>\n<\/ol>\n","protected":false},"excerpt":{"rendered":"Fran\u00e7ois Garreau a quitt\u00e9 ses fonctions de pr\u00e9sident du Stade Poitevin&nbsp;&nbsp;L&rsquo;\u00c9quipe MSL : pour le patron d\u2019Alterna, la&hellip;\n","protected":false},"author":2,"featured_media":504550,"comment_status":"","ping_status":"","sticky":false,"template":"","format":"standard","meta":{"footnotes":""},"categories":[1417],"tags":[1011,27,60,1470,1469],"class_list":{"0":"post-504549","1":"post","2":"type-post","3":"status-publish","4":"format-standard","5":"has-post-thumbnail","7":"category-volley","8":"tag-fr","9":"tag-france","10":"tag-sports","11":"tag-volley","12":"tag-volleyball"},"share_on_mastodon":{"url":"","error":""},"_links":{"self":[{"href":"https:\/\/www.europesays.com\/fr\/wp-json\/wp\/v2\/posts\/504549","targetHints":{"allow":["GET"]}}],"collection":[{"href":"https:\/\/www.europesays.com\/fr\/wp-json\/wp\/v2\/posts"}],"about":[{"href":"https:\/\/www.europesays.com\/fr\/wp-json\/wp\/v2\/types\/post"}],"author":[{"embeddable":true,"href":"https:\/\/www.europesays.com\/fr\/wp-json\/wp\/v2\/users\/2"}],"replies":[{"embeddable":true,"href":"https:\/\/www.europesays.com\/fr\/wp-json\/wp\/v2\/comments?post=504549"}],"version-history":[{"count":0,"href":"https:\/\/www.europesays.com\/fr\/wp-json\/wp\/v2\/posts\/504549\/revisions"}],"wp:featuredmedia":[{"embeddable":true,"href":"https:\/\/www.europesays.com\/fr\/wp-json\/wp\/v2\/media\/504550"}],"wp:attachment":[{"href":"https:\/\/www.europesays.com\/fr\/wp-json\/wp\/v2\/media?parent=504549"}],"wp:term":[{"taxonomy":"category","embeddable":true,"href":"https:\/\/www.europesays.com\/fr\/wp-json\/wp\/v2\/categories?post=504549"},{"taxonomy":"post_tag","embeddable":true,"href":"https:\/\/www.europesays.com\/fr\/wp-json\/wp\/v2\/tags?post=504549"}],"curies":[{"name":"wp","href":"https:\/\/api.w.org\/{rel}","templated":true}]}}