{"id":504554,"date":"2025-11-01T12:50:18","date_gmt":"2025-11-01T12:50:18","guid":{"rendered":"https:\/\/www.europesays.com\/fr\/504554\/"},"modified":"2025-11-01T12:50:18","modified_gmt":"2025-11-01T12:50:18","slug":"un-coureur-de-wanty-nippo-reuz-chez-color-code-actualite","status":"publish","type":"post","link":"https:\/\/www.europesays.com\/fr\/504554\/","title":{"rendered":"Un coureur de Wanty-Nippo-ReUz chez Color Code &#8211; Actualit\u00e9"},"content":{"rendered":"<p>                                                                    <img decoding=\"async\" src=\"https:\/\/www.europesays.com\/fr\/wp-content\/uploads\/2025\/11\/6905e98c95db5.jpeg\" height=\"auto\" loading=\"lazy\"\/><br \/>\n                                                                    Cr\u00e9dit photo Herv\u00e9 Dancerelle \/ DirectVelo<\/p>\n<p class=\"images-caption\">Cr\u00e9dit photo Herv\u00e9 Dancerelle \/ DirectVelo<\/p>\n<p class=\"metadata\">\n            Par<br \/>\n        <strong class=\"text-black\">    <a href=\"https:\/\/www.directvelo.com\/auteur\/2\/nicolas-gachet\" class=\"hover-underline\" rel=\"author noopener\" target=\"_blank\">NICOLAS GACHET<\/a><br \/>\n<\/strong><br \/>\n                    <br \/>Le<br \/>\n    1er novembre 2025, 12:06<\/p>\n<p style=\"text-align: justify;\">La nouvelle Continentale belge Color Code compte<strong>\u00a0<a href=\"https:\/\/www.directvelo.com\/equipe\/11172\/color-code-cycling-team\" target=\"_blank\" rel=\"noopener\">une huiti\u00e8me arriv\u00e9e<\/a><\/strong> pour la saison 2026. Il s&rsquo;agit de William Graff, qui a pass\u00e9 ses deux premi\u00e8res ann\u00e9es Espoirs chez Wanty-Nippo-ReUz, la r\u00e9serve d&rsquo;Intermarch\u00e9-Wanty.<\/p>\n<p>Le coureur de bient\u00f4t 20 ans a termin\u00e9 cette ann\u00e9e 7e du Wim Hendriks Trofee et 19e de l&rsquo;Enfer de Voerendaal. L&rsquo;an pass\u00e9, il avait pris la 5e place de la version Espoirs de Paris-Tours (1.2U).<\/p>\n<p>Retrouvez tous les transferts de Conti\u00a0<strong><a href=\"https:\/\/www.directvelo.com\/mutations\/2026#pro-conti\" target=\"_blank\" rel=\"noopener\">en cliquant ici<\/a><\/strong>.<\/p>\n<p>            En savoir plus : coureurs et \u00e9quipes associ\u00e9s<\/p>\n<p>                Coureurs<\/p>\n<p>                    <img decoding=\"async\" src=\"https:\/\/www.europesays.com\/fr\/wp-content\/uploads\/2025\/11\/65a91d7804024.JPG\" height=\"auto\" loading=\"lazy\"\/><\/p>\n<p>                            Portrait de William GRAFF<\/p>\n<p>                \u00c9quipes<\/p>\n","protected":false},"excerpt":{"rendered":"Cr\u00e9dit photo Herv\u00e9 Dancerelle \/ DirectVelo Cr\u00e9dit photo Herv\u00e9 Dancerelle \/ DirectVelo Par NICOLAS GACHET Le 1er novembre&hellip;\n","protected":false},"author":2,"featured_media":504555,"comment_status":"","ping_status":"","sticky":false,"template":"","format":"standard","meta":{"footnotes":""},"categories":[1411],"tags":[834,828,836,829,837,827,83,826,824,823,1154,207,814,817,815,816,822,821,832,211,839,1011,27,820,818,819,835,831,830,833,838,60,212,208,825],"class_list":{"0":"post-504554","1":"post","2":"type-post","3":"status-publish","4":"format-standard","5":"has-post-thumbnail","7":"category-cyclisme","8":"tag-attaque","9":"tag-belgique","10":"tag-braquet","11":"tag-bretagne","12":"tag-chute","13":"tag-competition","14":"tag-coupe-de-france","15":"tag-coureur","16":"tag-course-cyclisme","17":"tag-course-cycliste","18":"tag-cycling","19":"tag-cyclisme","20":"tag-direct","21":"tag-direct-velo","22":"tag-directvelo","23":"tag-directvelo-com","24":"tag-epreuve","25":"tag-epreuve-cycliste","26":"tag-federation-francaise-de-cyclisme","27":"tag-ffc","28":"tag-flandres","29":"tag-fr","30":"tag-france","31":"tag-live","32":"tag-live-course","33":"tag-live-epreuve","34":"tag-peloton","35":"tag-radio-peloton","36":"tag-radio-tour","37":"tag-ravitaillement","38":"tag-relance","39":"tag-sports","40":"tag-uci","41":"tag-velo","42":"tag-velos"},"share_on_mastodon":{"url":"https:\/\/pubeurope.com\/@fr\/115474533081045102","error":""},"_links":{"self":[{"href":"https:\/\/www.europesays.com\/fr\/wp-json\/wp\/v2\/posts\/504554","targetHints":{"allow":["GET"]}}],"collection":[{"href":"https:\/\/www.europesays.com\/fr\/wp-json\/wp\/v2\/posts"}],"about":[{"href":"https:\/\/www.europesays.com\/fr\/wp-json\/wp\/v2\/types\/post"}],"author":[{"embeddable":true,"href":"https:\/\/www.europesays.com\/fr\/wp-json\/wp\/v2\/users\/2"}],"replies":[{"embeddable":true,"href":"https:\/\/www.europesays.com\/fr\/wp-json\/wp\/v2\/comments?post=504554"}],"version-history":[{"count":0,"href":"https:\/\/www.europesays.com\/fr\/wp-json\/wp\/v2\/posts\/504554\/revisions"}],"wp:featuredmedia":[{"embeddable":true,"href":"https:\/\/www.europesays.com\/fr\/wp-json\/wp\/v2\/media\/504555"}],"wp:attachment":[{"href":"https:\/\/www.europesays.com\/fr\/wp-json\/wp\/v2\/media?parent=504554"}],"wp:term":[{"taxonomy":"category","embeddable":true,"href":"https:\/\/www.europesays.com\/fr\/wp-json\/wp\/v2\/categories?post=504554"},{"taxonomy":"post_tag","embeddable":true,"href":"https:\/\/www.europesays.com\/fr\/wp-json\/wp\/v2\/tags?post=504554"}],"curies":[{"name":"wp","href":"https:\/\/api.w.org\/{rel}","templated":true}]}}