{"id":504558,"date":"2025-11-01T12:52:15","date_gmt":"2025-11-01T12:52:15","guid":{"rendered":"https:\/\/www.europesays.com\/fr\/504558\/"},"modified":"2025-11-01T12:52:15","modified_gmt":"2025-11-01T12:52:15","slug":"a-66-ans-jamie-lee-curtis-prouve-quon-peut-etre-feminine-meme-en-pantalon","status":"publish","type":"post","link":"https:\/\/www.europesays.com\/fr\/504558\/","title":{"rendered":"\u00c0 66\u00a0ans, Jamie Lee Curtis prouve qu&rsquo;on peut \u00eatre f\u00e9minine m\u00eame en pantalon"},"content":{"rendered":"<p>            <a href=\"https:\/\/www.journaldesfemmes.fr\/mode\/looks-de-star\/3245928-tops-et-flops-semaine-27-octobre\/3246010-billie-eilish\" class=\"app_button_nav_prev jMiddlePreviousButton\" rel=\"nofollow noopener\" target=\"_blank\"><\/a><a href=\"https:\/\/www.journaldesfemmes.fr\/mode\/looks-de-star\/3245928-tops-et-flops-semaine-27-octobre\/3245964-emma-thompson\" class=\"app_button_nav_next jMiddleNextButton\" rel=\"nofollow noopener\" target=\"_blank\"><\/a><\/p>\n<p>                <img loading=\"lazy\" decoding=\"async\" src=\"https:\/\/www.europesays.com\/fr\/wp-content\/uploads\/2025\/11\/40052373.jpg\" alt=\"\" width=\"250\" height=\"472\"\/><br \/>\n            <a href=\"https:\/\/img-3.journaldesfemmes.fr\/17Nvy6YwK7IrFU8KS8kSJX9Viy4=\/3103x\/smart\/d84dfff5cd8c451a8cbd0b7ab7f72645\/ccmcms-jdf\/40052373.jpg\" class=\"fancy app_btn_1 app_btn--ico\" rel=\"nofollow noopener\" target=\"_blank\"><\/a>\u00c0 66 ans, Jamie Lee Curtis prouve qu&rsquo;on peut \u00eatre f\u00e9minine m\u00eame en pantalon \u00a9\u00a0AFF\/ABACA    <\/p>\n<p>Jamie Lee Curtis \u00e9tait au centre de l&rsquo;\u00e9v\u00e9nement prestigieux Variety Power of Women pr\u00e9sent\u00e9 par Lifetime \u00e0 Los Angeles. L&rsquo;actrice a mis\u00e9 sur une tenue de soir\u00e9e monochrome tr\u00e8s \u00e9l\u00e9gante. En effet, elle a choisi un smoking-pantalon noir, compos\u00e9 d&rsquo;un pantalon \u00e9vas\u00e9 au niveau des jambes et d&rsquo;un blazer aux \u00e9paules structur\u00e9es, port\u00e9 ouvert. L&rsquo;\u00e9l\u00e9ment central de son look \u00e9tait un haut blanc surmont\u00e9 d&rsquo;une grande fleur noire au niveau de la poitrine, ajoutant un d\u00e9tail audacieux \u00e0 l&rsquo;ensemble. Ses cheveux courts gris et ses lunettes de vue compl\u00e9taient ce look chic et audacieux.<\/p>\n","protected":false},"excerpt":{"rendered":"\u00c0 66 ans, Jamie Lee Curtis prouve qu&rsquo;on peut \u00eatre f\u00e9minine m\u00eame en pantalon \u00a9\u00a0AFF\/ABACA Jamie Lee Curtis&hellip;\n","protected":false},"author":2,"featured_media":504559,"comment_status":"","ping_status":"","sticky":false,"template":"","format":"standard","meta":{"footnotes":""},"categories":[1359],"tags":[62637,51761,58,59,52292,1011,27,51766,62638,973],"class_list":{"0":"post-504558","1":"post","2":"type-post","3":"status-publish","4":"format-standard","5":"has-post-thumbnail","7":"category-people","8":"tag-cms-journaldesfemmes-3245998","9":"tag-controller-content","10":"tag-divertissement","11":"tag-entertainment","12":"tag-format-reportage","13":"tag-fr","14":"tag-france","15":"tag-les-histoires-du-jdf","16":"tag-looks-de-star","17":"tag-people"},"share_on_mastodon":{"url":"https:\/\/pubeurope.com\/@fr\/115474540589940570","error":""},"_links":{"self":[{"href":"https:\/\/www.europesays.com\/fr\/wp-json\/wp\/v2\/posts\/504558","targetHints":{"allow":["GET"]}}],"collection":[{"href":"https:\/\/www.europesays.com\/fr\/wp-json\/wp\/v2\/posts"}],"about":[{"href":"https:\/\/www.europesays.com\/fr\/wp-json\/wp\/v2\/types\/post"}],"author":[{"embeddable":true,"href":"https:\/\/www.europesays.com\/fr\/wp-json\/wp\/v2\/users\/2"}],"replies":[{"embeddable":true,"href":"https:\/\/www.europesays.com\/fr\/wp-json\/wp\/v2\/comments?post=504558"}],"version-history":[{"count":0,"href":"https:\/\/www.europesays.com\/fr\/wp-json\/wp\/v2\/posts\/504558\/revisions"}],"wp:featuredmedia":[{"embeddable":true,"href":"https:\/\/www.europesays.com\/fr\/wp-json\/wp\/v2\/media\/504559"}],"wp:attachment":[{"href":"https:\/\/www.europesays.com\/fr\/wp-json\/wp\/v2\/media?parent=504558"}],"wp:term":[{"taxonomy":"category","embeddable":true,"href":"https:\/\/www.europesays.com\/fr\/wp-json\/wp\/v2\/categories?post=504558"},{"taxonomy":"post_tag","embeddable":true,"href":"https:\/\/www.europesays.com\/fr\/wp-json\/wp\/v2\/tags?post=504558"}],"curies":[{"name":"wp","href":"https:\/\/api.w.org\/{rel}","templated":true}]}}