{"id":504562,"date":"2025-11-01T12:55:17","date_gmt":"2025-11-01T12:55:17","guid":{"rendered":"https:\/\/www.europesays.com\/fr\/504562\/"},"modified":"2025-11-01T12:55:17","modified_gmt":"2025-11-01T12:55:17","slug":"avant-premiere-demain-nous-appartient-du-3-novembre-2025-episode-2066-tf1","status":"publish","type":"post","link":"https:\/\/www.europesays.com\/fr\/504562\/","title":{"rendered":"Avant-premi\u00e8re &#8211; Demain nous appartient du 3 novembre 2025 &#8211; Episode 2066 &#8211; TF1+"},"content":{"rendered":"<ol>\n<li><a href=\"https:\/\/news.google.com\/rss\/articles\/CBMi0gFBVV95cUxPZDgwb0VqUmdUN09sMExlb3J3eXNCTENEWnIwUkgzRDVEamxrUEtZM0VRdGxROGJmVDM4MGZMTm1hMzVzczVXSWlvaU5fbU8tVXZoRlRaX2hCeFRVTUl1SWR2MFdKbkhBR3pxLXdzV3BNbUd3a2FFN0w5UldxUVdtRmQyNnNjcEhQbUxvcXhBN3d2M2hzVGh3YmstZ1U3WDlZdnpuUDEwNm1mc3FhaUpfSHhsSXBoV0ZBY1BIdHpfMnJGakdFaTZKa2VuVFU4ZFFnb3c?oc=5\" target=\"_blank\" rel=\"noopener\">Avant-premi\u00e8re &#8211; Demain nous appartient du 3 novembre 2025 &#8211; Episode 2066<\/a>&nbsp;&nbsp;TF1+<\/li>\n<li><a href=\"https:\/\/news.google.com\/rss\/articles\/CBMifkFVX3lxTE9ESU9vZnhyQVZJMU5HNGg2U2E1cnBTX1JKTTBxYWFpdXN2cTFQc2FSOVppbjdOaXJNWFZtVDRNVl9hTUo5ZlRyWmRDcWRVb0dEenlMcWFFLVAyV3hLTlc0d3gzNE5wa2FhdFdBUTFZb041X1pnYTRzancxci1jQQ?oc=5\" target=\"_blank\" rel=\"noopener\">Demain nous appartient : ce qui vous attend dans l&rsquo;\u00e9pisode 2066 du lundi 3 novembre 2025 [SPOILERS]<\/a>&nbsp;&nbsp;AlloCin\u00e9<\/li>\n<li><a href=\"https:\/\/news.google.com\/rss\/articles\/CBMiqwJBVV95cUxNa2paUkdOUll4MFNlOGotS0JJM3J5RzFRVlVEX25uUVZIQkg0Q21mb3NPTVJJNmlnaGZPV3hZTEZIaFBMRGVTMWhBXzAwV2UwZUFrR2RvSjVPSGpDdGM2MU5fSjBmeU9LcUlYWmNWOV9HZHBDYUZRRndqb0M3R2NUMXhycmJpenJlRkNDdVRKMzJOZnZjaWtsNExCT0lGY1JyTDIzZWg5YmtuWW9iYTIxeEh0MU1Pbjg2NzI3SWZXV0JDYTVjN3NOQTdmS3dSeWNRbWotei01d1c0a2pEOHQybGhSaXRLbXdYeDU0cUR2N1RLdndGLVV3R2pLN0ZTOWpITXJ2T0tjNHZrbk0ycGJxeGpmQ3E1dC1HTkREelRqaEE3cmpra3UtOXRfRQ?oc=5\" target=\"_blank\" rel=\"noopener\">Demain nous appartient en avance : K\u00e9vin est arr\u00eat\u00e9 par la police ! Ellie donne la carte SD \u00e0 Violette\u2026 Le r\u00e9sum\u00e9 de l&rsquo;\u00e9pisode 2066 du lundi 3 novembre 2025<\/a>&nbsp;&nbsp;programme-tv.net<\/li>\n<li><a href=\"https:\/\/news.google.com\/rss\/articles\/CBMif0FVX3lxTE5aWW9tdEFhUXprOHRSeGJZQ1lqaTFoYlZNUlA3OGpvX2JIRTRvOHliOTVfMDlDTUFCOG80R3V3UXBZS2dYbzZ3QXVnX0ltSkVTQ0x2emZJRHFLNDdBSVluYS1CZlVZZThsTFEzZ2g4aV8wMkRkWEJlSE90S0F3aTA?oc=5\" target=\"_blank\" rel=\"noopener\">Demain nous appartient : \u00ab\u00a0Je ne peux pas prendre ce risque\u2026\u00a0\u00bb Le r\u00e9sum\u00e9 du 03 novembre (SPOILERS)<\/a>&nbsp;&nbsp;Yahoo Actualit\u00e9s<\/li>\n<li><a href=\"https:\/\/news.google.com\/rss\/articles\/CBMiwAFBVV95cUxQRkhGb2NJX0t3UEZEakZla1RXX09jcllPejZwMDFuSm84cUl2THNPMEQ1ZmY0SkVtWFhxWWtNOWtFS2tsdVk2ZGRySUtoWVZTWndOU3kySUVQMmdGb2JpZktaSnMxblpPU2hwWkZYMF83bThleHBqYkw2bnRwS0NyMGw3elViRW5Qd1dWZG9ocEhXOEM5c3lmUXRnWkE0SkY0VDFBVDc4d3hPREJWUGtLRy1ER2RVbnFXY0lYQUk4Ym4?oc=5\" target=\"_blank\" rel=\"noopener\">Demain nous appartient (spoiler) : Sara et Roxane sous le choc, Kevin fr\u00f4le la prison<\/a>&nbsp;&nbsp;Toutelatele<\/li>\n<\/ol>\n","protected":false},"excerpt":{"rendered":"Avant-premi\u00e8re &#8211; Demain nous appartient du 3 novembre 2025 &#8211; Episode 2066&nbsp;&nbsp;TF1+ Demain nous appartient : ce qui&hellip;\n","protected":false},"author":2,"featured_media":504563,"comment_status":"","ping_status":"","sticky":false,"template":"","format":"standard","meta":{"footnotes":""},"categories":[1356],"tags":[4090,43004,58,59,1365,4089,43003,41047,1011,27,43001,43011,43015,43002,43012,43016,43008,43007,43013,43014,43009,43010,252,1364,43005,43006],"class_list":{"0":"post-504562","1":"post","2":"type-post","3":"status-publish","4":"format-standard","5":"has-post-thumbnail","7":"category-television","8":"tag-demain-nous-appartient-episode","9":"tag-demain-nous-appartient-episode-tf1","10":"tag-divertissement","11":"tag-entertainment","12":"tag-episode","13":"tag-episode-demain-nous-appartient","14":"tag-episode-demain-nous-appartient-tf1","15":"tag-episode-tf1","16":"tag-fr","17":"tag-france","18":"tag-serie-demain-nous-appartient","19":"tag-serie-demain-nous-appartient-streaming","20":"tag-serie-demain-nous-appartient-streaming-gratuit","21":"tag-serie-demain-nous-appartient-tf1","22":"tag-serie-demain-nous-appartient-tf1-streaming","23":"tag-serie-demain-nous-appartient-tf1-streaming-gratuit","24":"tag-serie-demain-nous-appartient-tf1-video","25":"tag-serie-demain-nous-appartient-video","26":"tag-streaming-gratuit-serie-demain-nous-appartient","27":"tag-streaming-gratuit-serie-demain-nous-appartient-tf1","28":"tag-streaming-serie-demain-nous-appartient","29":"tag-streaming-serie-demain-nous-appartient-tf1","30":"tag-television","31":"tag-tv","32":"tag-video-serie-demain-nous-appartient","33":"tag-video-serie-demain-nous-appartient-tf1"},"share_on_mastodon":{"url":"","error":"Validation failed: Text character limit of 500 exceeded"},"_links":{"self":[{"href":"https:\/\/www.europesays.com\/fr\/wp-json\/wp\/v2\/posts\/504562","targetHints":{"allow":["GET"]}}],"collection":[{"href":"https:\/\/www.europesays.com\/fr\/wp-json\/wp\/v2\/posts"}],"about":[{"href":"https:\/\/www.europesays.com\/fr\/wp-json\/wp\/v2\/types\/post"}],"author":[{"embeddable":true,"href":"https:\/\/www.europesays.com\/fr\/wp-json\/wp\/v2\/users\/2"}],"replies":[{"embeddable":true,"href":"https:\/\/www.europesays.com\/fr\/wp-json\/wp\/v2\/comments?post=504562"}],"version-history":[{"count":0,"href":"https:\/\/www.europesays.com\/fr\/wp-json\/wp\/v2\/posts\/504562\/revisions"}],"wp:featuredmedia":[{"embeddable":true,"href":"https:\/\/www.europesays.com\/fr\/wp-json\/wp\/v2\/media\/504563"}],"wp:attachment":[{"href":"https:\/\/www.europesays.com\/fr\/wp-json\/wp\/v2\/media?parent=504562"}],"wp:term":[{"taxonomy":"category","embeddable":true,"href":"https:\/\/www.europesays.com\/fr\/wp-json\/wp\/v2\/categories?post=504562"},{"taxonomy":"post_tag","embeddable":true,"href":"https:\/\/www.europesays.com\/fr\/wp-json\/wp\/v2\/tags?post=504562"}],"curies":[{"name":"wp","href":"https:\/\/api.w.org\/{rel}","templated":true}]}}