{"id":50458,"date":"2025-04-25T00:22:08","date_gmt":"2025-04-25T00:22:08","guid":{"rendered":"https:\/\/www.europesays.com\/fr\/50458\/"},"modified":"2025-04-25T00:22:08","modified_gmt":"2025-04-25T00:22:08","slug":"atp-madrid-novak-djokovic-tout-sauf-rassurant-en-conference-de-presse-je-ne-viens-pas-ici-avec-de-grandes-attentes","status":"publish","type":"post","link":"https:\/\/www.europesays.com\/fr\/50458\/","title":{"rendered":"ATP &#8211; Madrid > Novak Djokovic tout sauf rassurant en conf\u00e9rence de presse : \u00ab\u00a0Je ne viens pas ici avec de grandes attentes"},"content":{"rendered":"<p>Deux semaines apr\u00e8s sa <a href=\"https:\/\/www.welovetennis.fr\/atp\/atp-monte-carlo\/djokovic-mes-attentes-sont-moindres-ici-par-rapport-aux-autres-tournois\" data-wpel-link=\"internal\" target=\"_blank\" rel=\"noopener\">prise de parole peu convain\u00adcante \u00e0 Monte\u2010Carlo<\/a> o\u00f9 il s\u2019est inclin\u00e9 d\u00e8s son entr\u00e9e en lice contre Tabilo, Novak Djokovic n\u2019a visi\u00adble\u00adment pas revu ses ambi\u00adtions \u00e0 la hausse.\u00a0<\/p>\n<p>S\u2019il dit se concen\u00adtrer sur Roland\u2010Garros, sa moti\u00adva\u00adtion ne semble toujours pas \u00e0 son paroxysme apr\u00e8s une toute nouvelle conf\u00e9\u00adrence de presse avant ses d\u00e9buts sur le Masters 1000 de Madrid.<\/p>\n<p><strong>\u00ab\u202fLe public de Madrid me manquait, c\u2019est l\u2019un des meilleurs du circuit. Du court central au reste des courts, ils sont tous tr\u00e8s \u00e9lec\u00adtriques. Je montre toujours un bon niveau de tennis quand je joue ici. Et cette ann\u00e9e, je travaille pour atteindre le niveau dont j\u2019ai besoin, en parti\u00adcu\u00adlier pour Roland\u2010Garros. Mais je ne viens pas ici avec de grandes attentes.\u202f\u00bb<\/strong><\/p>\n<p class=\"post-published-date\" style=\"color: silver; font-size: 75%; text-align: left;\">Publi\u00e9 le jeudi 24 avril 2025 \u00e0 18:54<\/p>\n","protected":false},"excerpt":{"rendered":"Deux semaines apr\u00e8s sa prise de parole peu convain\u00adcante \u00e0 Monte\u2010Carlo o\u00f9 il s\u2019est inclin\u00e9 d\u00e8s son entr\u00e9e&hellip;\n","protected":false},"author":2,"featured_media":50459,"comment_status":"","ping_status":"","sticky":false,"template":"","format":"standard","meta":{"footnotes":""},"categories":[1415],"tags":[105,1011,27,60,1467],"class_list":{"0":"post-50458","1":"post","2":"type-post","3":"status-publish","4":"format-standard","5":"has-post-thumbnail","7":"category-tennis","8":"tag-djokovic","9":"tag-fr","10":"tag-france","11":"tag-sports","12":"tag-tennis"},"share_on_mastodon":{"url":"https:\/\/pubeurope.com\/@fr\/114395751536721504","error":""},"_links":{"self":[{"href":"https:\/\/www.europesays.com\/fr\/wp-json\/wp\/v2\/posts\/50458","targetHints":{"allow":["GET"]}}],"collection":[{"href":"https:\/\/www.europesays.com\/fr\/wp-json\/wp\/v2\/posts"}],"about":[{"href":"https:\/\/www.europesays.com\/fr\/wp-json\/wp\/v2\/types\/post"}],"author":[{"embeddable":true,"href":"https:\/\/www.europesays.com\/fr\/wp-json\/wp\/v2\/users\/2"}],"replies":[{"embeddable":true,"href":"https:\/\/www.europesays.com\/fr\/wp-json\/wp\/v2\/comments?post=50458"}],"version-history":[{"count":0,"href":"https:\/\/www.europesays.com\/fr\/wp-json\/wp\/v2\/posts\/50458\/revisions"}],"wp:featuredmedia":[{"embeddable":true,"href":"https:\/\/www.europesays.com\/fr\/wp-json\/wp\/v2\/media\/50459"}],"wp:attachment":[{"href":"https:\/\/www.europesays.com\/fr\/wp-json\/wp\/v2\/media?parent=50458"}],"wp:term":[{"taxonomy":"category","embeddable":true,"href":"https:\/\/www.europesays.com\/fr\/wp-json\/wp\/v2\/categories?post=50458"},{"taxonomy":"post_tag","embeddable":true,"href":"https:\/\/www.europesays.com\/fr\/wp-json\/wp\/v2\/tags?post=50458"}],"curies":[{"name":"wp","href":"https:\/\/api.w.org\/{rel}","templated":true}]}}