{"id":504581,"date":"2025-11-01T13:05:13","date_gmt":"2025-11-01T13:05:13","guid":{"rendered":"https:\/\/www.europesays.com\/fr\/504581\/"},"modified":"2025-11-01T13:05:13","modified_gmt":"2025-11-01T13:05:13","slug":"voitures-brulees-violences-tcl-vises-soiree-dhalloween-agitee-a-lyon-et-alentours","status":"publish","type":"post","link":"https:\/\/www.europesays.com\/fr\/504581\/","title":{"rendered":"Voitures br\u00fbl\u00e9es, violences, TCL vis\u00e9s&#8230; Soir\u00e9e d&rsquo;Halloween agit\u00e9e \u00e0 Lyon et alentours"},"content":{"rendered":"<p>            Par<br \/>\n        <strong><br \/>\n            <a href=\"https:\/\/actu.fr\/auteur\/nicolas-zaugra\" title=\"Consulter tous les articles de Nicolas Zaugra\" target=\"_blank\" rel=\"noopener\">Nicolas Zaugra<\/a><br \/>\n        <\/strong><\/p>\n<p>        Publi\u00e9 le<\/p>\n<p>            1 nov. 2025 \u00e0 11h22<br \/>\n        ; mis \u00e0 jour le 1 nov. 2025 \u00e0 11h56    <\/p>\n<p>Voitures incendi\u00e9es, feux de poubelles, tirs de mortiers, mat\u00e9riel TCL d\u00e9grad\u00e9, rod\u00e9o\u2026 La <strong>nuit d\u2019Halloween<\/strong> a \u00e9t\u00e9 agit\u00e9e dans la m\u00e9tropole de <a href=\"https:\/\/actu.fr\/auvergne-rhone-alpes\/lyon_69123\" target=\"_blank\" rel=\"noopener\">Lyon<\/a> m\u00eame si aucun incident majeur n\u2019est \u00e0 d\u00e9plorer, a appris actu Lyon samedi 1er novembre 2025 aupr\u00e8s de la pr\u00e9fecture du Rh\u00f4ne.<\/p>\n<p>Soir\u00e9e violente \u00e0 Rillieux-la-Pape<\/p>\n<p class=\" wall-content\">Ce sont dans les secteurs du <strong>8e arrondissement de Lyon, de Givors, Rillieux-la-Pape, Feyzin et D\u00e9cines-Charpieu<\/strong> que la soir\u00e9e a \u00e9t\u00e9 la plus mouvement\u00e9e avec des groupes de personnes provoquant des d\u00e9gradations et violences urbaines.\u00a0<\/p>\n<p class=\" wall-content\">La soir\u00e9e a \u00e9t\u00e9 violente \u00e0 Rillieux avec un groupe d\u2019une vingtaine de personnes violentes cagoul\u00e9es et habill\u00e9es en noir. Des v\u00e9hicules ont \u00e9t\u00e9 incendi\u00e9s \u00ab\u00a0gratuitement\u00a0\u00bb ainsi qu\u2019une cam\u00e9ra de vid\u00e9osurveillance. Certains immeubles ont \u00e9t\u00e9 vis\u00e9s par des jets de mortiers directement sur les fa\u00e7ades. La circulation des bus TCL a \u00e9t\u00e9 interrompue dans la soir\u00e9e.<\/p>\n<p>    <img   decoding=\"async\" loading=\"lazy\" src=\"https:\/\/www.europesays.com\/fr\/wp-content\/uploads\/2025\/11\/vl-incendie-05-photo-pascal-pierart-1-960x640.jpg\" alt=\"Une voiture incendi\u00e9e \u00e0 Rillieux-la-Pape.\" width=\"960\" height=\"640\"\/><br \/>\n    Une voiture incendi\u00e9e \u00e0 Rillieux-la-Pape. (\u00a9Pascal Pierart\/ actu Lyon)Des bus et des tramways TCL vis\u00e9s<\/p>\n<p class=\" wall-content\">A Givors, des poubelles ont \u00e9t\u00e9 incendi\u00e9es ainsi qu\u2019au moins un v\u00e9hicule par un groupe mobile.\u00a0<\/p>\n<p class=\" wall-content\">A Lyon, des voitures ont \u00e9t\u00e9 incendi\u00e9es dans le quartier des Etats-Unis dans le 8e arrondissement.\u00a0<\/p>\n<p class=\" wall-content\">Du c\u00f4t\u00e9 de D\u00e9cines-Charpieu, des rames de tramways ont \u00e9t\u00e9 d\u00e9grad\u00e9es. A Feyzin, un conducteur de bus TCL a \u00e9t\u00e9 l\u2019objet de tirs de mortiers.<\/p>\n<p>Votre r\u00e9gion, votre actu !<\/p>\n<p>Recevez chaque jour les infos qui comptent pour vous.<\/p>\n<p>\t<a href=\"https:\/\/actu.fr\/newsletter\" class=\"ac-btn ac-btn--corner ac-btn--medium ac-btn--blue800\" target=\"_blank\" rel=\"noopener\">S&rsquo;incrire<\/a><br \/>\nPlusieurs interpellations<\/p>\n<p class=\" wall-content\">Au total, la pr\u00e9fecture fait \u00e9tat de <strong>neuf<\/strong> <strong>interpellations dont six \u00e0 Rillieux et trois \u00e0 Lyon<\/strong>.<\/p>\n<p class=\" wall-content\">Selon nos informations, moins d\u2019une vingtaine de voitures ont br\u00fbl\u00e9 cette nuit. Plusieurs dizaines de poubelles ont \u00e9t\u00e9 incendi\u00e9es.<\/p>\n<p class=\" wall-content\">Personnalisez votre actualit\u00e9 en ajoutant vos villes et m\u00e9dias en favori avec <a href=\"https:\/\/moncompte.actu.fr\" title=\"D\u00e9couvez Mon Actu\" rel=\"nofollow noopener\" data-trk=\"{&quot;cta&quot;:{&quot;action&quot;:&quot;https:\\\/\\\/moncompte.actu.fr&quot;,&quot;category&quot;:&quot;mon compte&quot;,&quot;from&quot;:&quot;article footer&quot;,&quot;name&quot;:&quot;Mon actu&quot;,&quot;type&quot;:&quot;cta&quot;}}\" target=\"_blank\">Mon Actu<\/a>.<\/p>\n","protected":false},"excerpt":{"rendered":"Par Nicolas Zaugra Publi\u00e9 le 1 nov. 2025 \u00e0 11h22 ; mis \u00e0 jour le 1 nov. 2025&hellip;\n","protected":false},"author":2,"featured_media":504582,"comment_status":"","ping_status":"","sticky":false,"template":"","format":"standard","meta":{"footnotes":""},"categories":[2],"tags":[11,118,1011,27,20815,12,1072,7501],"class_list":{"0":"post-504581","1":"post","2":"type-post","3":"status-publish","4":"format-standard","5":"has-post-thumbnail","7":"category-actualites","8":"tag-actualites","9":"tag-faits-divers","10":"tag-fr","11":"tag-france","12":"tag-halloween","13":"tag-news","14":"tag-police","15":"tag-violences-urbaines"},"share_on_mastodon":{"url":"https:\/\/pubeurope.com\/@fr\/115474591027427626","error":""},"_links":{"self":[{"href":"https:\/\/www.europesays.com\/fr\/wp-json\/wp\/v2\/posts\/504581","targetHints":{"allow":["GET"]}}],"collection":[{"href":"https:\/\/www.europesays.com\/fr\/wp-json\/wp\/v2\/posts"}],"about":[{"href":"https:\/\/www.europesays.com\/fr\/wp-json\/wp\/v2\/types\/post"}],"author":[{"embeddable":true,"href":"https:\/\/www.europesays.com\/fr\/wp-json\/wp\/v2\/users\/2"}],"replies":[{"embeddable":true,"href":"https:\/\/www.europesays.com\/fr\/wp-json\/wp\/v2\/comments?post=504581"}],"version-history":[{"count":0,"href":"https:\/\/www.europesays.com\/fr\/wp-json\/wp\/v2\/posts\/504581\/revisions"}],"wp:featuredmedia":[{"embeddable":true,"href":"https:\/\/www.europesays.com\/fr\/wp-json\/wp\/v2\/media\/504582"}],"wp:attachment":[{"href":"https:\/\/www.europesays.com\/fr\/wp-json\/wp\/v2\/media?parent=504581"}],"wp:term":[{"taxonomy":"category","embeddable":true,"href":"https:\/\/www.europesays.com\/fr\/wp-json\/wp\/v2\/categories?post=504581"},{"taxonomy":"post_tag","embeddable":true,"href":"https:\/\/www.europesays.com\/fr\/wp-json\/wp\/v2\/tags?post=504581"}],"curies":[{"name":"wp","href":"https:\/\/api.w.org\/{rel}","templated":true}]}}