{"id":504583,"date":"2025-11-01T13:06:36","date_gmt":"2025-11-01T13:06:36","guid":{"rendered":"https:\/\/www.europesays.com\/fr\/504583\/"},"modified":"2025-11-01T13:06:36","modified_gmt":"2025-11-01T13:06:36","slug":"saint-etienne-il-lance-lowery-heritages-une-marque-de-casquettes-de-luxe","status":"publish","type":"post","link":"https:\/\/www.europesays.com\/fr\/504583\/","title":{"rendered":"Saint-\u00c9tienne. Il lance Lowery H\u00e9ritages, une marque de casquettes de luxe"},"content":{"rendered":"<p>\u00ab\u00a0Mon arri\u00e8re-grand-p\u00e8re et mon grand-p\u00e8re \u00e9taient dans la cr\u00e9ation et le commerce d\u2019accessoires de mode. Mon p\u00e8re, lui, a travaill\u00e9 pour le groupe Zannier, \u00e0 Saint-Chamond. Je m\u2019inscris donc dans la lign\u00e9e familiale\u00a0\u00bb, raconte Charles Ponsonnard, qui vient de lancer sa marque de luxe, Lowery H\u00e9ritages.<\/p>\n<p>\u00c0 27 ans, ce St\u00e9phanois pure souche &#8211; \u00ab\u00a0depuis quatre g\u00e9n\u00e9rations\u00a0\u00bb -, pass\u00e9 par le lyc\u00e9e T\u00e9zenas-du-Montcel, l\u2019IUT de la M\u00e9tare et le campus Tr\u00e9filerie de l\u2019universit\u00e9 Jean-Monnet, a d\u00e9j\u00e0 v\u00e9cu plusieurs exp\u00e9riences professionnelles.<\/p>\n<p>\u00ab\u00a0Je ne me plaisais ni dans mon job, ni dans la capitale\u00a0\u00bb<\/p>\n<p>Apr\u00e8s avoir termin\u00e9 ses \u00e9tudes, en 2021, par un Master \u00ab\u00a0Innover et entreprendre\u00a0\u00bb \u00e0 l\u2019ESCP&#8230;<\/p>\n","protected":false},"excerpt":{"rendered":"\u00ab\u00a0Mon arri\u00e8re-grand-p\u00e8re et mon grand-p\u00e8re \u00e9taient dans la cr\u00e9ation et le commerce d\u2019accessoires de mode. Mon p\u00e8re, lui,&hellip;\n","protected":false},"author":2,"featured_media":504584,"comment_status":"","ping_status":"","sticky":false,"template":"","format":"standard","meta":{"footnotes":""},"categories":[9653],"tags":[1111,11,2430,4406,33,7539,1777,674,1011,27,12,25,4001,7538],"class_list":{"0":"post-504583","1":"post","2":"type-post","3":"status-publish","4":"format-standard","5":"has-post-thumbnail","7":"category-saint-etienne","8":"tag-actu","9":"tag-actualites","10":"tag-auvergne-rhone-alpes","11":"tag-commerce-et-services","12":"tag-economie","13":"tag-edition-loire-sud","14":"tag-eu","15":"tag-europe","16":"tag-fr","17":"tag-france","18":"tag-news","19":"tag-republique-francaise","20":"tag-saint-etienne","21":"tag-saint-etienne-ville"},"share_on_mastodon":{"url":"https:\/\/pubeurope.com\/@fr\/115474594944139676","error":""},"_links":{"self":[{"href":"https:\/\/www.europesays.com\/fr\/wp-json\/wp\/v2\/posts\/504583","targetHints":{"allow":["GET"]}}],"collection":[{"href":"https:\/\/www.europesays.com\/fr\/wp-json\/wp\/v2\/posts"}],"about":[{"href":"https:\/\/www.europesays.com\/fr\/wp-json\/wp\/v2\/types\/post"}],"author":[{"embeddable":true,"href":"https:\/\/www.europesays.com\/fr\/wp-json\/wp\/v2\/users\/2"}],"replies":[{"embeddable":true,"href":"https:\/\/www.europesays.com\/fr\/wp-json\/wp\/v2\/comments?post=504583"}],"version-history":[{"count":0,"href":"https:\/\/www.europesays.com\/fr\/wp-json\/wp\/v2\/posts\/504583\/revisions"}],"wp:featuredmedia":[{"embeddable":true,"href":"https:\/\/www.europesays.com\/fr\/wp-json\/wp\/v2\/media\/504584"}],"wp:attachment":[{"href":"https:\/\/www.europesays.com\/fr\/wp-json\/wp\/v2\/media?parent=504583"}],"wp:term":[{"taxonomy":"category","embeddable":true,"href":"https:\/\/www.europesays.com\/fr\/wp-json\/wp\/v2\/categories?post=504583"},{"taxonomy":"post_tag","embeddable":true,"href":"https:\/\/www.europesays.com\/fr\/wp-json\/wp\/v2\/tags?post=504583"}],"curies":[{"name":"wp","href":"https:\/\/api.w.org\/{rel}","templated":true}]}}