{"id":504585,"date":"2025-11-01T13:07:18","date_gmt":"2025-11-01T13:07:18","guid":{"rendered":"https:\/\/www.europesays.com\/fr\/504585\/"},"modified":"2025-11-01T13:07:18","modified_gmt":"2025-11-01T13:07:18","slug":"saint-etienne-le-tribunal-judiciaire-invite-a-un-don-de-sang-le-5-novembre","status":"publish","type":"post","link":"https:\/\/www.europesays.com\/fr\/504585\/","title":{"rendered":"Saint-\u00c9tienne. Le tribunal judiciaire invite \u00e0 un don de sang le 5\u00a0novembre"},"content":{"rendered":"<p>Grande premi\u00e8re au tribunal judiciaire de Saint-Etienne\u00a0: la juridiction, relay\u00e9e par le barreau st\u00e9phanois, s\u2019engage aux c\u00f4t\u00e9s de l\u2019\u00c9tablissement fran\u00e7ais du sang et invite le monde de la justice \u00e0 une collecte de sang, le mercredi 5\u00a0novembre de 10 heures \u00e0 13 heures dans la salle des pas perdus.<\/p>\n<p>Le cheminement sera le parcours classique du don\u00a0: accueil et inscription, entretien pr\u00e9alable, pr\u00e9l\u00e8vement (environ 10 minutes et 450\u00a0ml) et collation. Les donneurs potentiels devront se munir d\u2019une pi\u00e8ce d\u2019identit\u00e9 et \u00eatre \u00e2g\u00e9s de 18 \u00e0 70 ans.<\/p>\n<p>Les organisateurs rappellent que \u00ab\u00a0chaque ann\u00e9e en France, les dons de sang permettent de soigner un million de malades. En Auvergne-Rh\u00f4ne-Alpes, 1\u00a0400 dons de sang sont n\u00e9cessaires chaque jour pour satisfaire les besoins des \u00e9tablissements de sant\u00e9\u00a0\u00bb.<\/p>\n","protected":false},"excerpt":{"rendered":"Grande premi\u00e8re au tribunal judiciaire de Saint-Etienne\u00a0: la juridiction, relay\u00e9e par le barreau st\u00e9phanois, s\u2019engage aux c\u00f4t\u00e9s de&hellip;\n","protected":false},"author":2,"featured_media":504586,"comment_status":"","ping_status":"","sticky":false,"template":"","format":"standard","meta":{"footnotes":""},"categories":[9653],"tags":[1111,11,2430,7539,1777,674,274,1011,27,3367,12,25,4001,7538,71],"class_list":{"0":"post-504585","1":"post","2":"type-post","3":"status-publish","4":"format-standard","5":"has-post-thumbnail","7":"category-saint-etienne","8":"tag-actu","9":"tag-actualites","10":"tag-auvergne-rhone-alpes","11":"tag-edition-loire-sud","12":"tag-eu","13":"tag-europe","14":"tag-faits-divers-justice","15":"tag-fr","16":"tag-france","17":"tag-loire","18":"tag-news","19":"tag-republique-francaise","20":"tag-saint-etienne","21":"tag-saint-etienne-ville","22":"tag-sante"},"share_on_mastodon":{"url":"https:\/\/pubeurope.com\/@fr\/115474598616025909","error":""},"_links":{"self":[{"href":"https:\/\/www.europesays.com\/fr\/wp-json\/wp\/v2\/posts\/504585","targetHints":{"allow":["GET"]}}],"collection":[{"href":"https:\/\/www.europesays.com\/fr\/wp-json\/wp\/v2\/posts"}],"about":[{"href":"https:\/\/www.europesays.com\/fr\/wp-json\/wp\/v2\/types\/post"}],"author":[{"embeddable":true,"href":"https:\/\/www.europesays.com\/fr\/wp-json\/wp\/v2\/users\/2"}],"replies":[{"embeddable":true,"href":"https:\/\/www.europesays.com\/fr\/wp-json\/wp\/v2\/comments?post=504585"}],"version-history":[{"count":0,"href":"https:\/\/www.europesays.com\/fr\/wp-json\/wp\/v2\/posts\/504585\/revisions"}],"wp:featuredmedia":[{"embeddable":true,"href":"https:\/\/www.europesays.com\/fr\/wp-json\/wp\/v2\/media\/504586"}],"wp:attachment":[{"href":"https:\/\/www.europesays.com\/fr\/wp-json\/wp\/v2\/media?parent=504585"}],"wp:term":[{"taxonomy":"category","embeddable":true,"href":"https:\/\/www.europesays.com\/fr\/wp-json\/wp\/v2\/categories?post=504585"},{"taxonomy":"post_tag","embeddable":true,"href":"https:\/\/www.europesays.com\/fr\/wp-json\/wp\/v2\/tags?post=504585"}],"curies":[{"name":"wp","href":"https:\/\/api.w.org\/{rel}","templated":true}]}}