{"id":504593,"date":"2025-11-01T13:13:15","date_gmt":"2025-11-01T13:13:15","guid":{"rendered":"https:\/\/www.europesays.com\/fr\/504593\/"},"modified":"2025-11-01T13:13:15","modified_gmt":"2025-11-01T13:13:15","slug":"wtt-champions-de-montpellier-a-quelle-heure-et-sur-quelle-chaine-voir-le-quart-de-finale-dalexis-lebrun","status":"publish","type":"post","link":"https:\/\/www.europesays.com\/fr\/504593\/","title":{"rendered":"WTT Champions de Montpellier\u00a0: \u00e0 quelle heure et sur quelle cha\u00eene voir le quart de finale d\u2019Alexis Lebrun\u00a0?"},"content":{"rendered":"<p class=\"paragraph text_align_left lp-f-body-02\">Les choses s\u00e9rieuses commencent pour Simon Gauzy et <a href=\"https:\/\/www.leparisien.fr\/sports\/alexis-lebrun\/\" target=\"_blank\" rel=\"noreferrer noopener\">Alexis Lebrun<\/a>. <a href=\"https:\/\/www.leparisien.fr\/sports\/tennis-de-table\/wtt-champions-de-montpellier-simon-gauzy-dompte-felix-lebrun-pour-la-premiere-fois-et-rallie-les-quarts-30-10-2025-SHGYMBGNXFF7BKYSOANADE7I24.php\" target=\"_self\" rel=\"noopener\">Tombeur de F\u00e9lix Lebrun en cinq sets en huiti\u00e8mes de finale<\/a> pour la premi\u00e8re fois de sa carri\u00e8re, le pongiste de 31 ans tentera de rallier les demies du WTT Champions de Montpellier en s\u2019imposant face au tr\u00e8s jeune Japonais Sora Matsushima (18 ans).<\/p>\n<p class=\"paragraph text_align_left lp-f-body-02\">De son c\u00f4t\u00e9, Alexis Lebrun, <a href=\"https:\/\/www.leparisien.fr\/sports\/tennis-de-table\/wtt-champions-de-montpellier-quatre-balles-de-match-sauvees-et-une-ambiance-dingue-alexis-lebrun-qualifie-en-quarts-01-11-2025-4LRP7CQ7Q5DBHPYTV6ETISIXGI.php\" target=\"_self\" rel=\"noopener\">vainqueur de Tomokazu Harimoto apr\u00e8s avoir sauv\u00e9<\/a> quatre balles de match, d\u00e9fie le 10e mondial, le Slov\u00e8ne Darko Jorgi\u0107, pour tenter d\u2019entrer dans le dernier carr\u00e9 et pourquoi pas remporter son premier tournoi WTT dans le sud de la France, un an apr\u00e8s son fr\u00e8re, devant un public acquis \u00e0 sa cause.<\/p>\n<p class=\"paragraph text_align_left lp-f-body-02\"><b>Le quart de finale d\u2019Alexis Lebrun contre Darko Jorgic sera \u00e0 suivre ce samedi \u00e0 partir de 20h45 sur les cha\u00eenes Twitch et YouTube de RMC Sport. De son c\u00f4t\u00e9, Simon Gauzy jouera \u00e0 partir de 15h15.<\/b><\/p>\n","protected":false},"excerpt":{"rendered":"Les choses s\u00e9rieuses commencent pour Simon Gauzy et Alexis Lebrun. Tombeur de F\u00e9lix Lebrun en cinq sets en&hellip;\n","protected":false},"author":2,"featured_media":504594,"comment_status":"","ping_status":"","sticky":false,"template":"","format":"standard","meta":{"footnotes":""},"categories":[9599],"tags":[1111,11,1777,674,1011,27,2208,12,2680,25,60,16149],"class_list":{"0":"post-504593","1":"post","2":"type-post","3":"status-publish","4":"format-standard","5":"has-post-thumbnail","7":"category-montpellier","8":"tag-actu","9":"tag-actualites","10":"tag-eu","11":"tag-europe","12":"tag-fr","13":"tag-france","14":"tag-montpellier","15":"tag-news","16":"tag-occitanie","17":"tag-republique-francaise","18":"tag-sports","19":"tag-tennis-de-table"},"share_on_mastodon":{"url":"https:\/\/pubeurope.com\/@fr\/115474622470775929","error":""},"_links":{"self":[{"href":"https:\/\/www.europesays.com\/fr\/wp-json\/wp\/v2\/posts\/504593","targetHints":{"allow":["GET"]}}],"collection":[{"href":"https:\/\/www.europesays.com\/fr\/wp-json\/wp\/v2\/posts"}],"about":[{"href":"https:\/\/www.europesays.com\/fr\/wp-json\/wp\/v2\/types\/post"}],"author":[{"embeddable":true,"href":"https:\/\/www.europesays.com\/fr\/wp-json\/wp\/v2\/users\/2"}],"replies":[{"embeddable":true,"href":"https:\/\/www.europesays.com\/fr\/wp-json\/wp\/v2\/comments?post=504593"}],"version-history":[{"count":0,"href":"https:\/\/www.europesays.com\/fr\/wp-json\/wp\/v2\/posts\/504593\/revisions"}],"wp:featuredmedia":[{"embeddable":true,"href":"https:\/\/www.europesays.com\/fr\/wp-json\/wp\/v2\/media\/504594"}],"wp:attachment":[{"href":"https:\/\/www.europesays.com\/fr\/wp-json\/wp\/v2\/media?parent=504593"}],"wp:term":[{"taxonomy":"category","embeddable":true,"href":"https:\/\/www.europesays.com\/fr\/wp-json\/wp\/v2\/categories?post=504593"},{"taxonomy":"post_tag","embeddable":true,"href":"https:\/\/www.europesays.com\/fr\/wp-json\/wp\/v2\/tags?post=504593"}],"curies":[{"name":"wp","href":"https:\/\/api.w.org\/{rel}","templated":true}]}}