{"id":504595,"date":"2025-11-01T13:14:10","date_gmt":"2025-11-01T13:14:10","guid":{"rendered":"https:\/\/www.europesays.com\/fr\/504595\/"},"modified":"2025-11-01T13:14:10","modified_gmt":"2025-11-01T13:14:10","slug":"un-accident-sur-la13-fait-trois-blesses-et-provoque-de-gros-bouchons-pres-de-rouen","status":"publish","type":"post","link":"https:\/\/www.europesays.com\/fr\/504595\/","title":{"rendered":"Un accident sur l&rsquo;A13 fait trois bless\u00e9s et provoque de gros bouchons pr\u00e8s de Rouen"},"content":{"rendered":"<p>            Par<br \/>\n        <strong><br \/>\n            <a href=\"https:\/\/actu.fr\/auteur\/julien-bouteiller\" title=\"Consulter tous les articles de Julien Bouteiller\" target=\"_blank\" rel=\"noopener\">Julien Bouteiller<\/a><br \/>\n        <\/strong><\/p>\n<p>        Publi\u00e9 le<\/p>\n<p>            1 nov. 2025 \u00e0 13h12        <\/p>\n<p><strong>Gros bouchons sur l\u2019A13<\/strong> ce samedi 1er novembre 2025. Trois personnes ont \u00e9t\u00e9 bless\u00e9es dans <strong>un accident sur l\u2019autoroute<\/strong> \u00e0 hauteur de <a href=\"https:\/\/actu.fr\/normandie\/oissel_76484\" target=\"_blank\" rel=\"noopener\">Oissel<\/a>, pr\u00e8s de Rouen, apprend-on du Service d\u00e9partemental d\u2019incendie et de secours (Sdis).<\/p>\n<p>Gros accident sur l\u2019A13<\/p>\n<p class=\" wall-content\">Selon les pompiers, <strong>l\u2019accident s\u2019est produit \u00e0 12h<\/strong>, \u00e0 la jonction de <a href=\"https:\/\/actu.fr\/tag\/autoroute-13-a13\" target=\"_blank\" rel=\"noopener\">l\u2019A13<\/a> et de l\u2019A139, dans le sens Caen -Paris. Trois v\u00e9hicules sont impliqu\u00e9s dans le sinistre.<\/p>\n<p class=\" wall-content\"><strong>Trois bless\u00e9s<\/strong> sont pris en charge et en cours de bilan \u00e0 l\u2019heure o\u00f9 nous \u00e9crivons ces lignes.<\/p>\n<p class=\" wall-content\">D\u2019apr\u00e8s le Sdis, l\u2019op\u00e9ration a un \u00ab\u00a0fort impact sur la circulation avec la bande d\u2019arr\u00eat d\u2019urgence et deux voies sur trois neutralis\u00e9es\u00a0\u00bb. Vers 13h, <strong>la circulation restait tr\u00e8s compliqu\u00e9e<\/strong> entre Les Essarts et Tourville-la-Rivi\u00e8re.<\/p>\n<p>Suivez l\u2019actualit\u00e9 de Rouen <a href=\"https:\/\/www.whatsapp.com\/channel\/0029VaKfnf99hXF2ddApFB1D\" target=\"_blank\" rel=\"noopener\">sur notre cha\u00eene WhatsApp<\/a> et <a href=\"https:\/\/www.tiktok.com\/@76actu.fr?lang=fr\" target=\"_blank\" rel=\"noopener\">sur notre compte TikTok<\/a><\/p>\n<p class=\" wall-content\">Personnalisez votre actualit\u00e9 en ajoutant vos villes et m\u00e9dias en favori avec <a href=\"https:\/\/moncompte.actu.fr\" title=\"D\u00e9couvez Mon Actu\" rel=\"nofollow noopener\" data-trk=\"{&quot;cta&quot;:{&quot;action&quot;:&quot;https:\\\/\\\/moncompte.actu.fr&quot;,&quot;category&quot;:&quot;mon compte&quot;,&quot;from&quot;:&quot;article footer&quot;,&quot;name&quot;:&quot;Mon actu&quot;,&quot;type&quot;:&quot;cta&quot;}}\" target=\"_blank\">Mon Actu<\/a>.<\/p>\n<p>                    <script async src=\"\/\/www.tiktok.com\/embed.js\"><\/script><\/p>\n","protected":false},"excerpt":{"rendered":"Par Julien Bouteiller Publi\u00e9 le 1 nov. 2025 \u00e0 13h12 Gros bouchons sur l\u2019A13 ce samedi 1er novembre&hellip;\n","protected":false},"author":2,"featured_media":504596,"comment_status":"","ping_status":"","sticky":false,"template":"","format":"standard","meta":{"footnotes":""},"categories":[9587],"tags":[119,1111,11,12725,1777,674,118,1011,27,803,12,5161,25,9590],"class_list":{"0":"post-504595","1":"post","2":"type-post","3":"status-publish","4":"format-standard","5":"has-post-thumbnail","7":"category-rouen","8":"tag-accident","9":"tag-actu","10":"tag-actualites","11":"tag-autoroute-13-a13","12":"tag-eu","13":"tag-europe","14":"tag-faits-divers","15":"tag-fr","16":"tag-france","17":"tag-info-trafic","18":"tag-news","19":"tag-normandie","20":"tag-republique-francaise","21":"tag-rouen"},"share_on_mastodon":{"url":"https:\/\/pubeurope.com\/@fr\/115474626172379354","error":""},"_links":{"self":[{"href":"https:\/\/www.europesays.com\/fr\/wp-json\/wp\/v2\/posts\/504595","targetHints":{"allow":["GET"]}}],"collection":[{"href":"https:\/\/www.europesays.com\/fr\/wp-json\/wp\/v2\/posts"}],"about":[{"href":"https:\/\/www.europesays.com\/fr\/wp-json\/wp\/v2\/types\/post"}],"author":[{"embeddable":true,"href":"https:\/\/www.europesays.com\/fr\/wp-json\/wp\/v2\/users\/2"}],"replies":[{"embeddable":true,"href":"https:\/\/www.europesays.com\/fr\/wp-json\/wp\/v2\/comments?post=504595"}],"version-history":[{"count":0,"href":"https:\/\/www.europesays.com\/fr\/wp-json\/wp\/v2\/posts\/504595\/revisions"}],"wp:featuredmedia":[{"embeddable":true,"href":"https:\/\/www.europesays.com\/fr\/wp-json\/wp\/v2\/media\/504596"}],"wp:attachment":[{"href":"https:\/\/www.europesays.com\/fr\/wp-json\/wp\/v2\/media?parent=504595"}],"wp:term":[{"taxonomy":"category","embeddable":true,"href":"https:\/\/www.europesays.com\/fr\/wp-json\/wp\/v2\/categories?post=504595"},{"taxonomy":"post_tag","embeddable":true,"href":"https:\/\/www.europesays.com\/fr\/wp-json\/wp\/v2\/tags?post=504595"}],"curies":[{"name":"wp","href":"https:\/\/api.w.org\/{rel}","templated":true}]}}