{"id":504597,"date":"2025-11-01T13:16:12","date_gmt":"2025-11-01T13:16:12","guid":{"rendered":"https:\/\/www.europesays.com\/fr\/504597\/"},"modified":"2025-11-01T13:16:12","modified_gmt":"2025-11-01T13:16:12","slug":"chomage-partiel-pour-les-1800-salaries-de-soitec","status":"publish","type":"post","link":"https:\/\/www.europesays.com\/fr\/504597\/","title":{"rendered":"ch\u00f4mage partiel pour les 1800 salari\u00e9s de Soitec ?"},"content":{"rendered":"<p>\t\t\t\t\t\t\t\t\t\t\t<img loading=\"lazy\" decoding=\"async\" width=\"1280\" title=\"Pr\u00e8s de Grenoble : ch\u00f4mage partiel pour les 1800 salari\u00e9s de Soitec ?\" class=\"img-fluid  mb-3\" src=\"https:\/\/grandgrenoble.alpes1.com\/media\/news\/pres-de-grenoble-chomage-partiel-pour-les-1800-salaries-de-soitec_6905e4f391c9c.webp\" alt=\"Pr\u00e8s de Grenoble : ch\u00f4mage partiel pour les 1800 salari\u00e9s de Soitec ?\" itemprop=\"image\" height=\"720\"\/>\t\t\t\t\t\t\t\t\t\t\t\t<\/p>\n<p>Pr\u00e8s de Grenoble : ch\u00f4mage partiel pour les 1800 salari\u00e9s de Soitec ? &#8211; DR Christophe Lepetit<\/p>\n<p itemprop=\"description\"><strong>La crise se fait de plus en plus concr\u00e8te pour Soitec.<\/strong><\/p>\n<p>Le fabricant de wafers destin\u00e9s aux puces \u00e9lectroniques fait face \u00e0 des r\u00e9sultats en baisse depuis des mois et au d\u00e9part soudain de son directeur g\u00e9n\u00e9ral Pierre Barnab\u00e9.<\/p>\n<p>Selon La Tribune, le groupe is\u00e9rois envisagerait d\u00e9sormais d&rsquo;instaurer des mesures de ch\u00f4mage partiel pour l&rsquo;ensemble de ses 1800 salari\u00e9s du site de Bernin dans l&rsquo;agglom\u00e9ration grenobloise.<\/p>\n<p>La mesure, pr\u00e9vue sur six mois avec possibilit\u00e9 de reconduction, d\u00e9buterait le 17 novembre prochain. Les n\u00e9gociations avec les syndicats sont sur le point d&rsquo;\u00eatre finalis\u00e9es.<\/p>\n<p>La CGT annonce que cela permettrait \u00e0 Soitec de faire 3,7 millions d&rsquo;euros d&rsquo;\u00e9conomies et de diminuer ses stocks de plaques en silicium pour les semi-conducteurs.<\/p>\n<p>Pour rappel, Soitec avait d\u00e9cid\u00e9 d&rsquo;abandonner ses pr\u00e9visions annuelles en mai dernier, ce qui avait provoqu\u00e9 l&rsquo;effondrement de son action en Bourse. Cela fait suite \u00e0 une ann\u00e9e 2024-2025 d\u00e9j\u00e0 compliqu\u00e9e, en recul de 9%.<\/p>\n<p>Le groupe Soitec, fond\u00e9 en 1992 par deux anciens chercheurs du CEA\u2011Leti, se sp\u00e9cialise dans la conception et la production de substrats semi-conducteurs innovants, notamment la technologie \u00ab\u00a0Silicon on Insulator\u00a0\u00bb (SOI) qui permet de r\u00e9duire les pertes d\u2019\u00e9nergie et d\u2019am\u00e9liorer les performances des circuits \u00e9lectroniques. L\u2019entreprise is\u00e9roise adresse trois grands march\u00e9s : les communications mobiles, l\u2019automobile et les objets connect\u00e9s<\/p>\n<p>Apr\u00e8s les annonces de d\u00e9parts volontaires \u00e0 STMicroelectronics, l&#8217;emploi et l&rsquo;\u00e9conomie sont plus que jamais menac\u00e9s dans l&rsquo;agglom\u00e9ration grenobloise.<\/p>\n","protected":false},"excerpt":{"rendered":"Pr\u00e8s de Grenoble : ch\u00f4mage partiel pour les 1800 salari\u00e9s de Soitec ? &#8211; DR Christophe Lepetit La&hellip;\n","protected":false},"author":2,"featured_media":504598,"comment_status":"","ping_status":"","sticky":false,"template":"","format":"standard","meta":{"footnotes":""},"categories":[9566],"tags":[1111,11,7733,8279,2430,7736,650,7734,2889,2263,1777,674,1011,27,2731,8280,6417,1114,108,4662,12,3725,1825,25,7737],"class_list":{"0":"post-504597","1":"post","2":"type-post","3":"status-publish","4":"format-standard","5":"has-post-thumbnail","7":"category-grenoble","8":"tag-actu","9":"tag-actualites","10":"tag-alpes","11":"tag-alpes1","12":"tag-auvergne-rhone-alpes","13":"tag-cds","14":"tag-cinema","15":"tag-ecoute","16":"tag-emission","17":"tag-equipe","18":"tag-eu","19":"tag-europe","20":"tag-fr","21":"tag-france","22":"tag-grenoble","23":"tag-haute","24":"tag-information","25":"tag-infos","26":"tag-isere","27":"tag-journal","28":"tag-news","29":"tag-podcast","30":"tag-radio","31":"tag-republique-francaise","32":"tag-winamp"},"share_on_mastodon":{"url":"https:\/\/pubeurope.com\/@fr\/115474634754250530","error":""},"_links":{"self":[{"href":"https:\/\/www.europesays.com\/fr\/wp-json\/wp\/v2\/posts\/504597","targetHints":{"allow":["GET"]}}],"collection":[{"href":"https:\/\/www.europesays.com\/fr\/wp-json\/wp\/v2\/posts"}],"about":[{"href":"https:\/\/www.europesays.com\/fr\/wp-json\/wp\/v2\/types\/post"}],"author":[{"embeddable":true,"href":"https:\/\/www.europesays.com\/fr\/wp-json\/wp\/v2\/users\/2"}],"replies":[{"embeddable":true,"href":"https:\/\/www.europesays.com\/fr\/wp-json\/wp\/v2\/comments?post=504597"}],"version-history":[{"count":0,"href":"https:\/\/www.europesays.com\/fr\/wp-json\/wp\/v2\/posts\/504597\/revisions"}],"wp:featuredmedia":[{"embeddable":true,"href":"https:\/\/www.europesays.com\/fr\/wp-json\/wp\/v2\/media\/504598"}],"wp:attachment":[{"href":"https:\/\/www.europesays.com\/fr\/wp-json\/wp\/v2\/media?parent=504597"}],"wp:term":[{"taxonomy":"category","embeddable":true,"href":"https:\/\/www.europesays.com\/fr\/wp-json\/wp\/v2\/categories?post=504597"},{"taxonomy":"post_tag","embeddable":true,"href":"https:\/\/www.europesays.com\/fr\/wp-json\/wp\/v2\/tags?post=504597"}],"curies":[{"name":"wp","href":"https:\/\/api.w.org\/{rel}","templated":true}]}}