{"id":504601,"date":"2025-11-01T13:18:13","date_gmt":"2025-11-01T13:18:13","guid":{"rendered":"https:\/\/www.europesays.com\/fr\/504601\/"},"modified":"2025-11-01T13:18:13","modified_gmt":"2025-11-01T13:18:13","slug":"un-mort-apres-une-collision-entre-une-voiture-et-un-pieton-en-ille-et-vilaine","status":"publish","type":"post","link":"https:\/\/www.europesays.com\/fr\/504601\/","title":{"rendered":"Un mort apr\u00e8s une collision entre une voiture et un pi\u00e9ton en Ille-et-Vilaine"},"content":{"rendered":"<p>Les secours ont \u00e9t\u00e9 alert\u00e9s vers 7 h 20, ce samedi, pour un accident impliquant un pi\u00e9ton et une voiture. Selon les premiers \u00e9l\u00e9ments de l\u2019enqu\u00eate, une voiture qui circulait sur l\u2019axe Nantes-Rennes a percut\u00e9 un jeune homme qui se trouvait \u00e0 pied sur la voie express. L\u2019accident s\u2019est produit malgr\u00e9 plusieurs appels d\u2019automobilistes, quelque temps auparavant, pour signaler sa pr\u00e9sence. Au total, 15 pompiers ont \u00e9t\u00e9 d\u00e9p\u00each\u00e9s sur place.<\/p>\n<p>Dans le choc, le pi\u00e9ton, \u00e2g\u00e9 de 19 ans, originaire de Loire-Atlantique, est d\u00e9c\u00e9d\u00e9. Le conducteur de la voiture, \u00e2g\u00e9 de 50 ans, l\u00e9g\u00e8rement bless\u00e9, en \u00e9tat de choc, a, lui, \u00e9t\u00e9 pris en charge par les secours. Les d\u00e9pistages d\u2019alcool\u00e9mie et de stup\u00e9fiants effectu\u00e9s sur l\u2019automobiliste se sont r\u00e9v\u00e9l\u00e9s n\u00e9gatifs. Une enqu\u00eate de gendarmerie a \u00e9t\u00e9 ouverte sur ces faits.<\/p>\n","protected":false},"excerpt":{"rendered":"Les secours ont \u00e9t\u00e9 alert\u00e9s vers 7 h 20, ce samedi, pour un accident impliquant un pi\u00e9ton et&hellip;\n","protected":false},"author":2,"featured_media":504602,"comment_status":"","ping_status":"","sticky":false,"template":"","format":"standard","meta":{"footnotes":""},"categories":[2821],"tags":[3085,1111,11,829,765,1777,674,118,1011,27,848,12,584,25],"class_list":{"0":"post-504601","1":"post","2":"type-post","3":"status-publish","4":"format-standard","5":"has-post-thumbnail","7":"category-rennes","8":"tag-accidents","9":"tag-actu","10":"tag-actualites","11":"tag-bretagne","12":"tag-en-continu","13":"tag-eu","14":"tag-europe","15":"tag-faits-divers","16":"tag-fr","17":"tag-france","18":"tag-ille-et-vilaine","19":"tag-news","20":"tag-rennes","21":"tag-republique-francaise"},"share_on_mastodon":{"url":"","error":""},"_links":{"self":[{"href":"https:\/\/www.europesays.com\/fr\/wp-json\/wp\/v2\/posts\/504601","targetHints":{"allow":["GET"]}}],"collection":[{"href":"https:\/\/www.europesays.com\/fr\/wp-json\/wp\/v2\/posts"}],"about":[{"href":"https:\/\/www.europesays.com\/fr\/wp-json\/wp\/v2\/types\/post"}],"author":[{"embeddable":true,"href":"https:\/\/www.europesays.com\/fr\/wp-json\/wp\/v2\/users\/2"}],"replies":[{"embeddable":true,"href":"https:\/\/www.europesays.com\/fr\/wp-json\/wp\/v2\/comments?post=504601"}],"version-history":[{"count":0,"href":"https:\/\/www.europesays.com\/fr\/wp-json\/wp\/v2\/posts\/504601\/revisions"}],"wp:featuredmedia":[{"embeddable":true,"href":"https:\/\/www.europesays.com\/fr\/wp-json\/wp\/v2\/media\/504602"}],"wp:attachment":[{"href":"https:\/\/www.europesays.com\/fr\/wp-json\/wp\/v2\/media?parent=504601"}],"wp:term":[{"taxonomy":"category","embeddable":true,"href":"https:\/\/www.europesays.com\/fr\/wp-json\/wp\/v2\/categories?post=504601"},{"taxonomy":"post_tag","embeddable":true,"href":"https:\/\/www.europesays.com\/fr\/wp-json\/wp\/v2\/tags?post=504601"}],"curies":[{"name":"wp","href":"https:\/\/api.w.org\/{rel}","templated":true}]}}