{"id":504603,"date":"2025-11-01T13:19:11","date_gmt":"2025-11-01T13:19:11","guid":{"rendered":"https:\/\/www.europesays.com\/fr\/504603\/"},"modified":"2025-11-01T13:19:11","modified_gmt":"2025-11-01T13:19:11","slug":"incendie-dun-immeuble-a-rennes-les-heros-temoignent","status":"publish","type":"post","link":"https:\/\/www.europesays.com\/fr\/504603\/","title":{"rendered":"Incendie d&rsquo;un immeuble \u00e0 Rennes : les h\u00e9ros t\u00e9moignent"},"content":{"rendered":"<p class=\"jsx-4058425199 jsx-2164199691 ExpandableText__Text\">\u00c0 Rennes, deux \u00e9tudiants ont fait preuve d&rsquo;h\u00e9ro\u00efsme. Vendredi matin, peu apr\u00e8s cinq heures, Louise et Rapha\u00ebl rentraient d&rsquo;une soir\u00e9e quand ils ont aper\u00e7u des flammes qui cr\u00e9pitaient au dernier \u00e9tage d&rsquo;un immeuble. Les deux amis ont r\u00e9agi tr\u00e8s vite. Sans se poser de question, ils n&rsquo;ont pas h\u00e9sit\u00e9 \u00e0 entrer et \u00e0 faire du porte-\u00e0-porte pour r\u00e9veiller les habitants. Ils ont couru \u00e0 tous les \u00e9tages dans l&rsquo;objectif d&rsquo;\u00e9vacuer tout le monde. Gr\u00e2ce \u00e0 eux, l&rsquo;incendie a pu \u00eatre arr\u00eat\u00e9 par les pompiers.<\/p>\n<p>Lire plusReplier<\/p>\n","protected":false},"excerpt":{"rendered":"\u00c0 Rennes, deux \u00e9tudiants ont fait preuve d&rsquo;h\u00e9ro\u00efsme. Vendredi matin, peu apr\u00e8s cinq heures, Louise et Rapha\u00ebl rentraient&hellip;\n","protected":false},"author":2,"featured_media":504604,"comment_status":"","ping_status":"","sticky":false,"template":"","format":"standard","meta":{"footnotes":""},"categories":[2821],"tags":[1111,11,829,1777,674,1011,27,1310,2954,5008,12,584,25,133,2953],"class_list":{"0":"post-504603","1":"post","2":"type-post","3":"status-publish","4":"format-standard","5":"has-post-thumbnail","7":"category-rennes","8":"tag-actu","9":"tag-actualites","10":"tag-bretagne","11":"tag-eu","12":"tag-europe","13":"tag-fr","14":"tag-france","15":"tag-incendie","16":"tag-justice-et-faits-divers","17":"tag-le-13h","18":"tag-news","19":"tag-rennes","20":"tag-republique-francaise","21":"tag-video","22":"tag-video-police"},"share_on_mastodon":{"url":"https:\/\/pubeurope.com\/@fr\/115474645956543548","error":""},"_links":{"self":[{"href":"https:\/\/www.europesays.com\/fr\/wp-json\/wp\/v2\/posts\/504603","targetHints":{"allow":["GET"]}}],"collection":[{"href":"https:\/\/www.europesays.com\/fr\/wp-json\/wp\/v2\/posts"}],"about":[{"href":"https:\/\/www.europesays.com\/fr\/wp-json\/wp\/v2\/types\/post"}],"author":[{"embeddable":true,"href":"https:\/\/www.europesays.com\/fr\/wp-json\/wp\/v2\/users\/2"}],"replies":[{"embeddable":true,"href":"https:\/\/www.europesays.com\/fr\/wp-json\/wp\/v2\/comments?post=504603"}],"version-history":[{"count":0,"href":"https:\/\/www.europesays.com\/fr\/wp-json\/wp\/v2\/posts\/504603\/revisions"}],"wp:featuredmedia":[{"embeddable":true,"href":"https:\/\/www.europesays.com\/fr\/wp-json\/wp\/v2\/media\/504604"}],"wp:attachment":[{"href":"https:\/\/www.europesays.com\/fr\/wp-json\/wp\/v2\/media?parent=504603"}],"wp:term":[{"taxonomy":"category","embeddable":true,"href":"https:\/\/www.europesays.com\/fr\/wp-json\/wp\/v2\/categories?post=504603"},{"taxonomy":"post_tag","embeddable":true,"href":"https:\/\/www.europesays.com\/fr\/wp-json\/wp\/v2\/tags?post=504603"}],"curies":[{"name":"wp","href":"https:\/\/api.w.org\/{rel}","templated":true}]}}