{"id":504616,"date":"2025-11-01T13:27:15","date_gmt":"2025-11-01T13:27:15","guid":{"rendered":"https:\/\/www.europesays.com\/fr\/504616\/"},"modified":"2025-11-01T13:27:15","modified_gmt":"2025-11-01T13:27:15","slug":"chauray-bordeaux-sur-quelle-chaine-et-comment-regarder-le-match","status":"publish","type":"post","link":"https:\/\/www.europesays.com\/fr\/504616\/","title":{"rendered":"Chauray-Bordeaux : sur quelle cha\u00eene et comment regarder le match ?"},"content":{"rendered":"<p><img decoding=\"async\" src=\"https:\/\/www.europesays.com\/fr\/wp-content\/uploads\/2025\/08\/671_4f675f2a275942bc173ef80e3b72ea2d.jpg\" alt=\"Chauray-Bordeaux : sur quelle cha\u00eene et comment regarder le match ?\" class=\"img-responsive mt-3\"\/><\/p>\n<p class=\"text-center mb-3\" style=\"font-size: 14px\">\u00a9 Iconsport<\/p>\n<p>      <strong>Les Girondins t\u00e9l\u00e9vis\u00e9 sur TV7, Bord terrain et D\u00e9brief \u00e0 Chaud sur WebGirondins<\/strong><\/p>\n<p style=\"text-align: justify;\">Pour cette rencontre qui se joue avec du public, vous pouvez assister \u00e0 cette opposition depuis le stade en parcage ou en tribunes.<\/p>\n<p style=\"text-align: justify;\">Sud-Ouest et TV7 sont diffuseurs officiels des Girondins de Bordeaux en National 2 cette saison.<\/p>\n<p style=\"text-align: justify;\">Vous pourrez donc\u00a0<strong>regarder ce match en direct sur la cha\u00eene locale TV7<\/strong>. La cha\u00eene est accessible sur le site Sud-Ouest et sur le canal 33 de la TNT.<\/p>\n<p style=\"text-align: justify;\">Voici comment la trouver sur les diff\u00e9rentes box Internet : SFR (canal 491), Orange (Canal 355), Bbox (canal 334), free (canal 901). Le match est aussi disponible sur la cha\u00eene YouTube de TV7.<\/p>\n<p style=\"text-align: justify;\">De plus, nous vous proposons l&rsquo;\u00e9mission <strong>Bord terrain \u00e0 17h20<\/strong>, et un <strong>live texte sur WebGirondins d\u00e8s 17h45<\/strong>, suivi du D\u00e9brief \u00e0 Chaud du match d\u00e8s 20h en direct sur <strong><a href=\"https:\/\/www.youtube.com\/channel\/UCkyRgJ6uhixmPRaSKiEI9aw?view_as=subscriber\" target=\"_blank\" rel=\"noopener nofollow\">notre cha\u00eene YouTube<\/a><\/strong>\u00a0avec les r\u00e9actions d\u00e8s le coup de sifflet final.<\/p>\n<p>\u00c0 lire aussi &gt;&gt;\u00a0<strong><a href=\"https:\/\/www.webgirondins.com\/actualite-girondins-n2-fabrice-fontaine-coach-de-chauray-explique-son-systeme-de-jeu-avant-d-affronter-les-girondins-130954\" target=\"_blank\" rel=\"noopener nofollow\">N2 : Fabrice Fontaine (coach de Chauray) explique son syst\u00e8me de jeu avant d&rsquo;affronter les Girondins<\/a><\/strong><\/p>\n<p>Notre podcast court sur les Girondins :<\/p>\n<p>\u00a0<\/p>\n","protected":false},"excerpt":{"rendered":"\u00a9 Iconsport Les Girondins t\u00e9l\u00e9vis\u00e9 sur TV7, Bord terrain et D\u00e9brief \u00e0 Chaud sur WebGirondins Pour cette rencontre&hellip;\n","protected":false},"author":2,"featured_media":333091,"comment_status":"","ping_status":"","sticky":false,"template":"","format":"standard","meta":{"footnotes":""},"categories":[2817],"tags":[1111,11,3987,38761,1997,3839,22484,20,9705,43480,1777,674,1011,27,37073,1987,3465,955,3238,12,6752,2219,24649,471,3837,10432,47643,25,3982,2858],"class_list":{"0":"post-504616","1":"post","2":"type-post","3":"status-publish","4":"format-standard","5":"has-post-thumbnail","7":"category-bordeaux","8":"tag-actu","9":"tag-actualites","10":"tag-affronter","11":"tag-afin","12":"tag-bordeaux","13":"tag-chaine","14":"tag-chauray","15":"tag-comment","16":"tag-compte","17":"tag-deplacent","18":"tag-eu","19":"tag-europe","20":"tag-fr","21":"tag-france","22":"tag-gaillard","23":"tag-girondins","24":"tag-journee","25":"tag-match","26":"tag-national","27":"tag-news","28":"tag-niort","29":"tag-nouvelle-aquitaine","30":"tag-novembre","31":"tag-pour","32":"tag-quelle","33":"tag-regarder","34":"tag-rene","35":"tag-republique-francaise","36":"tag-samedi","37":"tag-stade"},"share_on_mastodon":{"url":"https:\/\/pubeurope.com\/@fr\/115474678056225049","error":""},"_links":{"self":[{"href":"https:\/\/www.europesays.com\/fr\/wp-json\/wp\/v2\/posts\/504616","targetHints":{"allow":["GET"]}}],"collection":[{"href":"https:\/\/www.europesays.com\/fr\/wp-json\/wp\/v2\/posts"}],"about":[{"href":"https:\/\/www.europesays.com\/fr\/wp-json\/wp\/v2\/types\/post"}],"author":[{"embeddable":true,"href":"https:\/\/www.europesays.com\/fr\/wp-json\/wp\/v2\/users\/2"}],"replies":[{"embeddable":true,"href":"https:\/\/www.europesays.com\/fr\/wp-json\/wp\/v2\/comments?post=504616"}],"version-history":[{"count":0,"href":"https:\/\/www.europesays.com\/fr\/wp-json\/wp\/v2\/posts\/504616\/revisions"}],"wp:featuredmedia":[{"embeddable":true,"href":"https:\/\/www.europesays.com\/fr\/wp-json\/wp\/v2\/media\/333091"}],"wp:attachment":[{"href":"https:\/\/www.europesays.com\/fr\/wp-json\/wp\/v2\/media?parent=504616"}],"wp:term":[{"taxonomy":"category","embeddable":true,"href":"https:\/\/www.europesays.com\/fr\/wp-json\/wp\/v2\/categories?post=504616"},{"taxonomy":"post_tag","embeddable":true,"href":"https:\/\/www.europesays.com\/fr\/wp-json\/wp\/v2\/tags?post=504616"}],"curies":[{"name":"wp","href":"https:\/\/api.w.org\/{rel}","templated":true}]}}