{"id":504623,"date":"2025-11-01T13:33:14","date_gmt":"2025-11-01T13:33:14","guid":{"rendered":"https:\/\/www.europesays.com\/fr\/504623\/"},"modified":"2025-11-01T13:33:14","modified_gmt":"2025-11-01T13:33:14","slug":"marseille-les-galeries-lafayette-ferment-plus-tot-voici-jusqua-quand-profiter-des-remises","status":"publish","type":"post","link":"https:\/\/www.europesays.com\/fr\/504623\/","title":{"rendered":"Marseille. Les Galeries Lafayette ferment plus t\u00f4t, voici jusqu&rsquo;\u00e0 quand profiter des remises"},"content":{"rendered":"<p>            Par<br \/>\n        <strong><br \/>\n            <a href=\"https:\/\/actu.fr\/auteur\/thibault-nadal-actu-fr\" title=\"Consulter tous les articles de Thibault Nadal\" target=\"_blank\" rel=\"noopener\">Thibault Nadal<\/a><br \/>\n        <\/strong><\/p>\n<p>        Publi\u00e9 le<\/p>\n<p>            1 nov. 2025 \u00e0 7h34        <\/p>\n<p>Des sc\u00e8nes de chaos et <a href=\"https:\/\/actu.fr\/provence-alpes-cote-d-azur\/marseille_13055\/municipales-2026-a-marseille-l-avenir-du-centre-bourse-nouveau-terrain-de-jeu-des-candidats_63313080.html\" target=\"_blank\" rel=\"noopener\">un psychodrame politique<\/a>. Depuis le 15\u00a0octobre dernier, <a href=\"https:\/\/actu.fr\/tag\/galeries-lafayette\" target=\"_blank\" rel=\"noopener\">les Galeries Lafayette<\/a> de <a href=\"https:\/\/actu.fr\/marseille\/\" target=\"_blank\" rel=\"noopener\">Marseille<\/a> \u2013 <strong>au Centre Bourse (1er) et au Prado Shopping (8e)<\/strong> \u2013 liquident leur stock avant de baisser d\u00e9finitivement le rideau le 29\u00a0novembre prochain.<\/p>\n<p class=\" wall-content\">Mais face au succ\u00e8s de l\u2019op\u00e9ration, la d\u00e9cision a \u00e9t\u00e9 prise d\u2019avancer la date de fermeture des deux magasins, comme r\u00e9v\u00e9l\u00e9 par <a href=\"https:\/\/www.francebleu.fr\/infos\/economie-social\/info-ici-provence-les-deux-magasins-des-galeries-lafayette-de-marseille-vont-fermer-definitivement-le-15-novembre-5349520\" target=\"_blank\" rel=\"noopener\">Ici Provence.<\/a><\/p>\n<p>La fermeture avanc\u00e9e au 15\u00a0novembre<\/p>\n<p class=\" wall-content\">Les images ont tourn\u00e9 en boucle sur les r\u00e9seaux sociaux. <a href=\"https:\/\/actu.fr\/provence-alpes-cote-d-azur\/marseille_13055\/marseille-grosse-pagaille-au-destockage-des-galeries-lafayette-les-gens-sont-fous_63302700.html\" target=\"_blank\" rel=\"noopener\">L\u2019op\u00e9ration liquidation<\/a> avec <strong>des remises allant jusqu\u2019\u00e0 -80\u2009%<\/strong> aux Galeries Lafayette a tourn\u00e9 au chaos, <a href=\"https:\/\/actu.fr\/provence-alpes-cote-d-azur\/marseille_13055\/operation-liquidation-aux-galeries-lafayette-a-marseille-de-nouveaux-debordements-la-police-intervient_63308535.html\" target=\"_blank\" rel=\"noopener\">obligeant m\u00eame la police \u00e0 intervenir<\/a> et \u00e0 fermer les magasins plus t\u00f4t.<\/p>\n<p class=\" wall-content\">Mais cela fut un \u00e9norme succ\u00e8s. Alors, <strong>face aux manques de stock<\/strong>, comme nous l\u2019avons constat\u00e9 au Prado Shopping o\u00f9 les rayons sont presque vides \u2013 la direction a d\u00e9cid\u00e9 que les deux magasins marseillais fermeront \u00e0 jamais leurs portes le samedi 15\u00a0novembre prochain, soit deux semaines avant la date pr\u00e9vue.<\/p>\n<p class=\" wall-content\">Personnalisez votre actualit\u00e9 en ajoutant vos villes et m\u00e9dias en favori avec <a href=\"https:\/\/moncompte.actu.fr\" title=\"D\u00e9couvez Mon Actu\" rel=\"nofollow noopener\" data-trk=\"{&quot;cta&quot;:{&quot;action&quot;:&quot;https:\\\/\\\/moncompte.actu.fr&quot;,&quot;category&quot;:&quot;mon compte&quot;,&quot;from&quot;:&quot;article footer&quot;,&quot;name&quot;:&quot;Mon actu&quot;,&quot;type&quot;:&quot;cta&quot;}}\" target=\"_blank\">Mon Actu<\/a>.<\/p>\n","protected":false},"excerpt":{"rendered":"Par Thibault Nadal Publi\u00e9 le 1 nov. 2025 \u00e0 7h34 Des sc\u00e8nes de chaos et un psychodrame politique.&hellip;\n","protected":false},"author":2,"featured_media":504624,"comment_status":"","ping_status":"","sticky":false,"template":"","format":"standard","meta":{"footnotes":""},"categories":[2814],"tags":[1111,11,215,1777,674,1011,27,4238,884,12,882,25,104],"class_list":{"0":"post-504623","1":"post","2":"type-post","3":"status-publish","4":"format-standard","5":"has-post-thumbnail","7":"category-marseille","8":"tag-actu","9":"tag-actualites","10":"tag-commerce","11":"tag-eu","12":"tag-europe","13":"tag-fr","14":"tag-france","15":"tag-galeries-lafayette","16":"tag-marseille","17":"tag-news","18":"tag-provence-alpes-cote-dazur","19":"tag-republique-francaise","20":"tag-societe"},"share_on_mastodon":{"url":"https:\/\/pubeurope.com\/@fr\/115474701069452334","error":""},"_links":{"self":[{"href":"https:\/\/www.europesays.com\/fr\/wp-json\/wp\/v2\/posts\/504623","targetHints":{"allow":["GET"]}}],"collection":[{"href":"https:\/\/www.europesays.com\/fr\/wp-json\/wp\/v2\/posts"}],"about":[{"href":"https:\/\/www.europesays.com\/fr\/wp-json\/wp\/v2\/types\/post"}],"author":[{"embeddable":true,"href":"https:\/\/www.europesays.com\/fr\/wp-json\/wp\/v2\/users\/2"}],"replies":[{"embeddable":true,"href":"https:\/\/www.europesays.com\/fr\/wp-json\/wp\/v2\/comments?post=504623"}],"version-history":[{"count":0,"href":"https:\/\/www.europesays.com\/fr\/wp-json\/wp\/v2\/posts\/504623\/revisions"}],"wp:featuredmedia":[{"embeddable":true,"href":"https:\/\/www.europesays.com\/fr\/wp-json\/wp\/v2\/media\/504624"}],"wp:attachment":[{"href":"https:\/\/www.europesays.com\/fr\/wp-json\/wp\/v2\/media?parent=504623"}],"wp:term":[{"taxonomy":"category","embeddable":true,"href":"https:\/\/www.europesays.com\/fr\/wp-json\/wp\/v2\/categories?post=504623"},{"taxonomy":"post_tag","embeddable":true,"href":"https:\/\/www.europesays.com\/fr\/wp-json\/wp\/v2\/tags?post=504623"}],"curies":[{"name":"wp","href":"https:\/\/api.w.org\/{rel}","templated":true}]}}