{"id":504634,"date":"2025-11-01T13:40:28","date_gmt":"2025-11-01T13:40:28","guid":{"rendered":"https:\/\/www.europesays.com\/fr\/504634\/"},"modified":"2025-11-01T13:40:28","modified_gmt":"2025-11-01T13:40:28","slug":"de-nouveaux-suspects-presentes-a-la-justice-les-bijoux-toujours-introuvables","status":"publish","type":"post","link":"https:\/\/www.europesays.com\/fr\/504634\/","title":{"rendered":"de nouveaux suspects pr\u00e9sent\u00e9s \u00e0 la justice, les bijoux toujours introuvables"},"content":{"rendered":"<p class=\"mb-4 text-lg md:leading-8 break-words\">Du nouveau apr\u00e8s <a href=\"https:\/\/www.parismatch.com\/actu\/faits-divers\/cambriolage-du-louvre-ce-que-lon-sait-du-casse-du-siecle-258966\" rel=\"nofollow noopener\" target=\"_blank\" data-ylk=\"slk:le cambriolage du Louvre;elm:context_link;itc:0;sec:content-canvas\" class=\"link \">le cambriolage du Louvre<\/a>. Des d\u00e9f\u00e8rements de suspects ayant \u00e9t\u00e9 interpell\u00e9s mercredi soir dans le cadre de l\u2019enqu\u00eate sur le casse du Louvre \u00e9taient en cours samedi devant des magistrats du tribunal judiciaire de Paris, a indiqu\u00e9 le parquet. \u00ab\u00a0Il y a des d\u00e9f\u00e8rements sur commission rogatoire\u00a0\u00bb, a-t-il simplement indiqu\u00e9, sans pr\u00e9ciser le nombre de suspects d\u00e9f\u00e9r\u00e9s.<\/p>\n<p class=\"mb-4 text-lg md:leading-8 break-words\">Cinq nouvelles interpellations li\u00e9es \u00e0 ce cambriolage spectaculaire avaient \u00e9t\u00e9 annonc\u00e9es jeudi matin par <a href=\"https:\/\/www.parismatch.com\/actu\/societe\/braquage-du-louvre-ce-quil-faut-retenir-des-annonces-de-la-procureure-de-paris-259357\" rel=\"nofollow noopener\" target=\"_blank\" data-ylk=\"slk:la procureure de Paris, Laure Beccuau;elm:context_link;itc:0;sec:content-canvas\" class=\"link \">la procureure de Paris, Laure Beccuau<\/a>, qui avait pr\u00e9cis\u00e9 que les bijoux vol\u00e9s, estim\u00e9s \u00e0 88\u00a0millions d\u2019euros, restaient introuvables.<\/p>\n<p class=\"mb-4 text-lg md:leading-8 break-words\">Ces nouvelles interpellations se sont ajout\u00e9es \u00e0 celles de deux trentenaires arr\u00eat\u00e9s samedi dernier et qui sont soup\u00e7onn\u00e9s d\u2019avoir fait partie du commando de quatre hommes sur place. Eux ont \u00e9t\u00e9 mis en examen et plac\u00e9s en d\u00e9tention provisoire mercredi soir. Parmi eux se trouvait un des cambrioleurs pr\u00e9sum\u00e9s, que les enqu\u00eateurs avaient \u00ab\u00a0dans le viseur\u00a0\u00bb, avait pr\u00e9cis\u00e9 jeudi la procureure.<\/p>\n<p class=\"mb-4 text-lg md:leading-8 break-words\">\u00c0 lire aussi <a href=\"https:\/\/www.parismatch.com\/actu\/faits-divers\/cambriolage-du-louvre-les-voleurs-auraient-tout-interet-a-negocier-pour-restituer-les-bijoux-259333\" rel=\"nofollow noopener\" target=\"_blank\" data-ylk=\"slk:Cambriolage du Louvre\u00a0: \u00ab\u00a0Les voleurs auraient tout int\u00e9r\u00eat \u00e0 n\u00e9gocier pour restituer les bijoux\u00a0\u00bb;elm:context_link;itc:0;sec:content-canvas\" class=\"link \">Cambriolage du Louvre\u00a0: \u00ab\u00a0Les voleurs auraient tout int\u00e9r\u00eat \u00e0 n\u00e9gocier pour restituer les bijoux\u00a0\u00bb <\/a><\/p>\n<p class=\"mb-4 text-lg md:leading-8 break-words\"><a href=\"https:\/\/www.parismatch.com\/actu\/societe\/casse-du-louvre-de-nouveaux-suspects-presentes-a-la-justice-les-bijoux-toujours-introuvables-259499?at_medium=affiliate&amp;at_campaign=Yahoo\" rel=\"nofollow noopener\" target=\"_blank\" data-ylk=\"slk:Retrouvez cet article sur ParisMatch;elm:context_link;itc:0;sec:content-canvas\" class=\"link \">Retrouvez cet article sur ParisMatch<\/a><\/p>\n","protected":false},"excerpt":{"rendered":"Du nouveau apr\u00e8s le cambriolage du Louvre. Des d\u00e9f\u00e8rements de suspects ayant \u00e9t\u00e9 interpell\u00e9s mercredi soir dans le&hellip;\n","protected":false},"author":2,"featured_media":504635,"comment_status":"","ping_status":"","sticky":false,"template":"","format":"standard","meta":{"footnotes":""},"categories":[1888],"tags":[1111,1928,11,1927,1174,1777,674,1011,27,33238,11274,12,1926,626,1925,25,16069,5817],"class_list":{"0":"post-504634","1":"post","2":"type-post","3":"status-publish","4":"format-standard","5":"has-post-thumbnail","7":"category-paris","8":"tag-actu","9":"tag-actu-paris","10":"tag-actualites","11":"tag-actualites-paris","12":"tag-cambriolage","13":"tag-eu","14":"tag-europe","15":"tag-fr","16":"tag-france","17":"tag-laure-beccuau","18":"tag-louvre","19":"tag-news","20":"tag-news-paris","21":"tag-paris","22":"tag-paris-news","23":"tag-republique-francaise","24":"tag-suspects","25":"tag-tribunal-judiciaire-de-paris"},"share_on_mastodon":{"url":"https:\/\/pubeurope.com\/@fr\/115474728804556412","error":""},"_links":{"self":[{"href":"https:\/\/www.europesays.com\/fr\/wp-json\/wp\/v2\/posts\/504634","targetHints":{"allow":["GET"]}}],"collection":[{"href":"https:\/\/www.europesays.com\/fr\/wp-json\/wp\/v2\/posts"}],"about":[{"href":"https:\/\/www.europesays.com\/fr\/wp-json\/wp\/v2\/types\/post"}],"author":[{"embeddable":true,"href":"https:\/\/www.europesays.com\/fr\/wp-json\/wp\/v2\/users\/2"}],"replies":[{"embeddable":true,"href":"https:\/\/www.europesays.com\/fr\/wp-json\/wp\/v2\/comments?post=504634"}],"version-history":[{"count":0,"href":"https:\/\/www.europesays.com\/fr\/wp-json\/wp\/v2\/posts\/504634\/revisions"}],"wp:featuredmedia":[{"embeddable":true,"href":"https:\/\/www.europesays.com\/fr\/wp-json\/wp\/v2\/media\/504635"}],"wp:attachment":[{"href":"https:\/\/www.europesays.com\/fr\/wp-json\/wp\/v2\/media?parent=504634"}],"wp:term":[{"taxonomy":"category","embeddable":true,"href":"https:\/\/www.europesays.com\/fr\/wp-json\/wp\/v2\/categories?post=504634"},{"taxonomy":"post_tag","embeddable":true,"href":"https:\/\/www.europesays.com\/fr\/wp-json\/wp\/v2\/tags?post=504634"}],"curies":[{"name":"wp","href":"https:\/\/api.w.org\/{rel}","templated":true}]}}