{"id":504638,"date":"2025-11-01T13:42:19","date_gmt":"2025-11-01T13:42:19","guid":{"rendered":"https:\/\/www.europesays.com\/fr\/504638\/"},"modified":"2025-11-01T13:42:19","modified_gmt":"2025-11-01T13:42:19","slug":"paris-2024-que-devient-la-delegation-des-refugies-apres-les-jeux","status":"publish","type":"post","link":"https:\/\/www.europesays.com\/fr\/504638\/","title":{"rendered":"Paris 2024 : que devient la d\u00e9l\u00e9gation des r\u00e9fugies apr\u00e8s les Jeux ?"},"content":{"rendered":"<p>Il existe des m\u00e9dailles qui se partagent avec joie sur un podium et des victoires qui se c\u00e9l\u00e8brent en toute intimit\u00e9. Zakia Khudadadi, para-taekwondo\u00efste n\u00e9e en Afghanistan, et m\u00e9daill\u00e9e de bronze aux jeux Paralympiques l\u2019\u00e9t\u00e9 2024 (cat\u00e9gorie des 47 kilos), a connu les deux. Handicap\u00e9e par une atrophie de naissance du bras gauche, celle qui \u00e9tait une leadeuse de son sport \u00e0 Kaboul avait fui son pays d\u00e8s <a href=\"https:\/\/www.humanite.fr\/culture-et-savoir\/afghanistan\/hyam-zaytoun-la-porte-voix-des-femmes-afghanes-reduites-au-silence-par-les-talibans\" target=\"_blank\" rel=\"noopener\">le retour au pouvoir des talibans<\/a> en ao\u00fbt 2021 pour rejoindre la France. Elle avait alors 23\u00a0ans.<\/p>\n<p>\u00c0 Paris l\u2019an pass\u00e9, elle a d\u00e9croch\u00e9 le bronze avec l\u2019\u00e9quipe paralympique des r\u00e9fugi\u00e9s. La toute premi\u00e8re m\u00e9daille de cette d\u00e9l\u00e9gation. Treize mois \u00e0 peine se sont \u00e9coul\u00e9s et, cette fois, Zakia a pu annoncer officiellement, le 9\u00a0octobre, qu\u2019elle poss\u00e9dait enfin&#8230;<\/p>\n","protected":false},"excerpt":{"rendered":"Il existe des m\u00e9dailles qui se partagent avec joie sur un podium et des victoires qui se c\u00e9l\u00e8brent&hellip;\n","protected":false},"author":2,"featured_media":504639,"comment_status":"","ping_status":"","sticky":false,"template":"","format":"standard","meta":{"footnotes":""},"categories":[1888],"tags":[11,1777,674,1011,27,12,626,25,62639],"class_list":{"0":"post-504638","1":"post","2":"type-post","3":"status-publish","4":"format-standard","5":"has-post-thumbnail","7":"category-paris","8":"tag-actualites","9":"tag-eu","10":"tag-europe","11":"tag-fr","12":"tag-france","13":"tag-news","14":"tag-paris","15":"tag-republique-francaise","16":"tag-ru00e9fugiu00e9s"},"share_on_mastodon":{"url":"https:\/\/pubeurope.com\/@fr\/115474736400413435","error":""},"_links":{"self":[{"href":"https:\/\/www.europesays.com\/fr\/wp-json\/wp\/v2\/posts\/504638","targetHints":{"allow":["GET"]}}],"collection":[{"href":"https:\/\/www.europesays.com\/fr\/wp-json\/wp\/v2\/posts"}],"about":[{"href":"https:\/\/www.europesays.com\/fr\/wp-json\/wp\/v2\/types\/post"}],"author":[{"embeddable":true,"href":"https:\/\/www.europesays.com\/fr\/wp-json\/wp\/v2\/users\/2"}],"replies":[{"embeddable":true,"href":"https:\/\/www.europesays.com\/fr\/wp-json\/wp\/v2\/comments?post=504638"}],"version-history":[{"count":0,"href":"https:\/\/www.europesays.com\/fr\/wp-json\/wp\/v2\/posts\/504638\/revisions"}],"wp:featuredmedia":[{"embeddable":true,"href":"https:\/\/www.europesays.com\/fr\/wp-json\/wp\/v2\/media\/504639"}],"wp:attachment":[{"href":"https:\/\/www.europesays.com\/fr\/wp-json\/wp\/v2\/media?parent=504638"}],"wp:term":[{"taxonomy":"category","embeddable":true,"href":"https:\/\/www.europesays.com\/fr\/wp-json\/wp\/v2\/categories?post=504638"},{"taxonomy":"post_tag","embeddable":true,"href":"https:\/\/www.europesays.com\/fr\/wp-json\/wp\/v2\/tags?post=504638"}],"curies":[{"name":"wp","href":"https:\/\/api.w.org\/{rel}","templated":true}]}}