{"id":504640,"date":"2025-11-01T13:43:14","date_gmt":"2025-11-01T13:43:14","guid":{"rendered":"https:\/\/www.europesays.com\/fr\/504640\/"},"modified":"2025-11-01T13:43:14","modified_gmt":"2025-11-01T13:43:14","slug":"record-dattaques-nocturnes-de-missiles-russes-en-octobre-depuis-debut-2023","status":"publish","type":"post","link":"https:\/\/www.europesays.com\/fr\/504640\/","title":{"rendered":"record d\u2019attaques nocturnes de missiles russes en octobre depuis d\u00e9but 2023"},"content":{"rendered":"<p>\n    Les forces russes ont lanc\u00e9 270 missiles sur le pays en octobre, soit une hausse de 46% par rapport \u00e0 septembre.<\/p>\n<p class=\"fig-paragraph\">La Russie a tir\u00e9 plus de missiles sur l&rsquo;<a href=\"http:\/\/www.lefigaro.fr\/international\/une-production-ingenieuse-et-artisanale-flamingo-le-missile-qui-veut-changer-la-donne-en-ukraine-20251031\" target=\"_blank\" data-fig-type=\"Article\" rel=\"noopener nofollow\" data-gtm-custom-categorie=\"navigation\" data-gtm-custom-action=\"crossclick\" data-gtm-custom-label=\"Contextuel\" data-gtm-event=\"customEventSPE\" data-fig-domain=\"LEFIGARO\">Ukraine<\/a>\u00a0en octobre que durant n&rsquo;importe quel autre mois, depuis au moins d\u00e9but 2023, lors d&rsquo;attaques nocturnes visant en particulier le r\u00e9seau \u00e9nerg\u00e9tique, selon une analyse de donn\u00e9es ukrainiennes r\u00e9alis\u00e9e par l&rsquo;AFP. Les forces russes ont lanc\u00e9 270 missiles sur le pays en octobre, soit une hausse de 46% par rapport \u00e0 septembre, d&rsquo;apr\u00e8s une compilation des chiffres fournis chaque jour par l&rsquo;arm\u00e9e de l&rsquo;air ukrainienne.<\/p>\n<p class=\"fig-paragraph\">Il s&rsquo;agit du nombre de missiles lanc\u00e9s en un mois sur l&rsquo;Ukraine, lors de bombardements nocturnes, le plus \u00e9lev\u00e9 depuis que l&rsquo;arm\u00e9e de l&rsquo;air ukrainienne a commenc\u00e9, d\u00e9but 2023, \u00e0 publier ces comptes rendus quotidiens. Les frappes russes ont plong\u00e9 des dizaines de milliers de personnes dans le noir. Moscou cible le r\u00e9seau \u00e9lectrique ukrainien pour le quatri\u00e8me hiver cons\u00e9cutif, dans le cadre d&rsquo;une strat\u00e9gie visant \u00e0 affaiblir la population civile ukrainienne, selon Kiev et ses soutiens.<\/p>\n<p>                                    <a class=\"fig-a11y-skip a11y-hidden\" href=\"#fig-a11y-skip-main-inarticle\"><br \/>\n        Passer la publicit\u00e9<br \/>\n    <\/a><\/p>\n<p>\u00abPression psychologique\u00bb<\/p>\n<p class=\"fig-paragraph\">En octobre, le pr\u00e9sident ukrainien\u00a0<a href=\"http:\/\/www.lefigaro.fr\/international\/guerre-en-ukraine-volodymyr-zelensky-appelle-donald-trump-a-faire-pression-sur-xi-jinping-pour-qu-il-reduise-son-soutien-a-la-russie-20251028\" target=\"_blank\" data-fig-type=\"NewsFlash\" rel=\"noopener nofollow\" data-gtm-custom-categorie=\"navigation\" data-gtm-custom-action=\"crossclick\" data-gtm-custom-label=\"Contextuel\" data-gtm-event=\"customEventSPE\" data-fig-domain=\"LEFIGARO\">Volodymyr Zelensky<\/a>\u00a0a accus\u00e9 la Russie de vouloir semer \u00able chaos\u00bb et exercer \u00abune pression psychologique\u00bb en frappant si intens\u00e9ment le r\u00e9seau \u00e9lectrique du pays. Comme les hivers pr\u00e9c\u00e9dents, des coupures de courant tournantes ont \u00e9t\u00e9 mises en place dans toutes les r\u00e9gions du pays, y compris \u00e0 Kiev, durant tout le mois d&rsquo;octobre afin de pallier les p\u00e9nuries d&rsquo;\u00e9lectricit\u00e9.<\/p>\n<p class=\"fig-paragraph\">En 2024, la Cour p\u00e9nale internationale (CPI) de La Haye a \u00e9mis des mandats d&rsquo;arr\u00eat contre de hauts responsables de l&rsquo;arm\u00e9e russe pour des crimes de guerre et crime contre l&rsquo;humanit\u00e9 pr\u00e9sum\u00e9s en Ukraine, notamment les frappes de missiles men\u00e9es contre les infrastructures \u00e9lectriques ukrainiennes. En octobre, la\u00a0<a href=\"http:\/\/www.lefigaro.fr\/international\/avions-missiles-radars-le-venezuela-aurait-sollicite-la-russie-et-la-chine-pour-renforcer-ses-defenses-20251031\" target=\"_blank\" data-fig-type=\"NewsFlash\" rel=\"noopener nofollow\" data-gtm-custom-categorie=\"navigation\" data-gtm-custom-action=\"crossclick\" data-gtm-custom-label=\"Contextuel\" data-gtm-event=\"customEventSPE\" data-fig-domain=\"LEFIGARO\">Russie<\/a>\u00a0a \u00e9galement envoy\u00e9, lors de ses bombardements nocturnes, 5298 drones \u00e0 longue port\u00e9e sur l&rsquo;Ukraine, selon les donn\u00e9es de l&rsquo;arm\u00e9e de l&rsquo;air ukrainienne &#8211; un chiffre en baisse d&rsquo;environ 6 % par rapport \u00e0 septembre, mais toujours proche des records.<\/p>\n<p class=\"fig-paragraph\">En repr\u00e9sailles, Kiev a men\u00e9 des frappes contre des d\u00e9p\u00f4ts p\u00e9troliers et des raffineries russes, pour tenter de tarir la rente des hydrocarbures qui finance l&rsquo;effort de guerre du Kremlin. Ces frappes ont notamment entra\u00een\u00e9 ces derniers mois une hausse du prix du carburant en Russie.<\/p>\n","protected":false},"excerpt":{"rendered":"Les forces russes ont lanc\u00e9 270 missiles sur le pays en octobre, soit une hausse de 46% par&hellip;\n","protected":false},"author":2,"featured_media":504641,"comment_status":"","ping_status":"","sticky":false,"template":"","format":"standard","meta":{"footnotes":""},"categories":[1591],"tags":[11,1887,131,8908,12,1885,1886,132],"class_list":{"0":"post-504640","1":"post","2":"type-post","3":"status-publish","4":"format-standard","5":"has-post-thumbnail","7":"category-russie","8":"tag-actualites","9":"tag-federation-de-russie","10":"tag-guerre-en-ukraine","11":"tag-missiles","12":"tag-news","13":"tag-russia","14":"tag-russian-federation","15":"tag-russie"},"share_on_mastodon":{"url":"https:\/\/pubeurope.com\/@fr\/115474740672726842","error":""},"_links":{"self":[{"href":"https:\/\/www.europesays.com\/fr\/wp-json\/wp\/v2\/posts\/504640","targetHints":{"allow":["GET"]}}],"collection":[{"href":"https:\/\/www.europesays.com\/fr\/wp-json\/wp\/v2\/posts"}],"about":[{"href":"https:\/\/www.europesays.com\/fr\/wp-json\/wp\/v2\/types\/post"}],"author":[{"embeddable":true,"href":"https:\/\/www.europesays.com\/fr\/wp-json\/wp\/v2\/users\/2"}],"replies":[{"embeddable":true,"href":"https:\/\/www.europesays.com\/fr\/wp-json\/wp\/v2\/comments?post=504640"}],"version-history":[{"count":0,"href":"https:\/\/www.europesays.com\/fr\/wp-json\/wp\/v2\/posts\/504640\/revisions"}],"wp:featuredmedia":[{"embeddable":true,"href":"https:\/\/www.europesays.com\/fr\/wp-json\/wp\/v2\/media\/504641"}],"wp:attachment":[{"href":"https:\/\/www.europesays.com\/fr\/wp-json\/wp\/v2\/media?parent=504640"}],"wp:term":[{"taxonomy":"category","embeddable":true,"href":"https:\/\/www.europesays.com\/fr\/wp-json\/wp\/v2\/categories?post=504640"},{"taxonomy":"post_tag","embeddable":true,"href":"https:\/\/www.europesays.com\/fr\/wp-json\/wp\/v2\/tags?post=504640"}],"curies":[{"name":"wp","href":"https:\/\/api.w.org\/{rel}","templated":true}]}}